{"id":6718,"date":"2021-02-15T21:35:22","date_gmt":"2021-02-15T21:35:22","guid":{"rendered":"https:\/\/fdnoaxaca.net\/?p=6718"},"modified":"2021-02-15T21:35:25","modified_gmt":"2021-02-15T21:35:25","slug":"comienza-en-oaxaca-aplicacion-de-vacunas-contra-covid-19-a-adultos-mayores","status":"publish","type":"post","link":"https:\/\/fdnoaxaca.net\/index.php\/2021\/02\/15\/comienza-en-oaxaca-aplicacion-de-vacunas-contra-covid-19-a-adultos-mayores\/","title":{"rendered":"Comienza en Oaxaca aplicaci\u00f3n de vacunas contra Covid-19 a adultos mayores"},"content":{"rendered":"\n<p>Oaxaca de Ju\u00e1rez, Oax. 15 de febrero de 2021.- En Oaxaca este lunes comenz\u00f3 la aplicaci\u00f3n de la vacuna contra Covid-19 a adultos mayores.<\/p>\n\n\n\n<p>La aplicaci\u00f3n de las primeras 520 dosis empez\u00f3 en la comunidad de Cerro Central, San Jos\u00e9 Tenango, en la regi\u00f3n de la Ca\u00f1ada.<\/p>\n\n\n\n<p>Los Servicios de Salud de Oaxaca informaron que el traslado de los biol\u00f3gicos a esa localidad fue el domingo v\u00eda a\u00e9rea, desde Oaxaca de Ju\u00e1rez hacia el aeropuerto de Loma Bonita, y posteriormente por tierra hacia esta localidad perteneciente a la Jurisdicci\u00f3n Sanitaria Tuxtepec, la cual se ubica a m\u00e1s de tres horas de la cabecera distrital por camino de terracer\u00eda. <\/p>\n\n\n\n<p>Con la aplicaci\u00f3n de la primera vacuna al se\u00f1or Modesto Ortiz Andrade, de 65 a\u00f1os de edad, el cual es oriundo y habitante de la localidad de Cerro Central, el municipio de San Jos\u00e9 Tenango se convirti\u00f3 en el primero de la entidad en dar inicio a la vacunaci\u00f3n a personas de la tercera edad. <\/p>\n\n\n\n<p>En esta localidad, los Servicios de Salud de Oaxaca cuentan con un centro de salud de primer nivel de atenci\u00f3n. La brigada que aplic\u00f3 las dosis est\u00e1 conformada por profesionales de enfermer\u00eda, un capturista y un m\u00e9dico.<\/p>\n\n\n\n<p>La dependencia asegur\u00f3 que para garantizar las condiciones \u00f3ptimas para la conservaci\u00f3n de la vacuna que est\u00e1 siendo aplicada a los adultos mayores de 60 a\u00f1os, las vacunas AstraZeneca fueron trasladadas al Centro Estatal de Vacunolog\u00eda, ubicado en Zimatl\u00e1n de \u00c1lvarez, desde donde se est\u00e1 realizando el proceso de distribuci\u00f3n hacia los municipios de la regi\u00f3n de la Ca\u00f1ada, seleccionados por el Gobierno de M\u00e9xico para esta etapa del proceso de vacunaci\u00f3n. <\/p>\n","protected":false},"excerpt":{"rendered":"<p>Oaxaca de Ju\u00e1rez, Oax. 15 de febrero de 2021.- En Oaxaca este lunes comenz\u00f3 la aplicaci\u00f3n de la vacuna contra Covid-19 a adultos mayores. La aplicaci\u00f3n de las primeras 520 dosis empez\u00f3 en la comunidad de Cerro Central, San Jos\u00e9 Tenango, en la regi\u00f3n de la Ca\u00f1ada. Los Servicios de Salud de Oaxaca informaron que&#8230;<\/p>\n","protected":false},"author":4,"featured_media":6720,"comment_status":"closed","ping_status":"closed","sticky":false,"template":"","format":"standard","meta":{"footnotes":""},"categories":[49],"tags":[],"class_list":["post-6718","post","type-post","status-publish","format-standard","has-post-thumbnail","hentry","category-titulares"],"_links":{"self":[{"href":"https:\/\/fdnoaxaca.net\/index.php\/wp-json\/wp\/v2\/posts\/6718","targetHints":{"allow":["GET"]}}],"collection":[{"href":"https:\/\/fdnoaxaca.net\/index.php\/wp-json\/wp\/v2\/posts"}],"about":[{"href":"https:\/\/fdnoaxaca.net\/index.php\/wp-json\/wp\/v2\/types\/post"}],"author":[{"embeddable":true,"href":"https:\/\/fdnoaxaca.net\/index.php\/wp-json\/wp\/v2\/users\/4"}],"replies":[{"embeddable":true,"href":"https:\/\/fdnoaxaca.net\/index.php\/wp-json\/wp\/v2\/comments?post=6718"}],"version-history":[{"count":1,"href":"https:\/\/fdnoaxaca.net\/index.php\/wp-json\/wp\/v2\/posts\/6718\/revisions"}],"predecessor-version":[{"id":6721,"href":"https:\/\/fdnoaxaca.net\/index.php\/wp-json\/wp\/v2\/posts\/6718\/revisions\/6721"}],"wp:featuredmedia":[{"embeddable":true,"href":"https:\/\/fdnoaxaca.net\/index.php\/wp-json\/wp\/v2\/media\/6720"}],"wp:attachment":[{"href":"https:\/\/fdnoaxaca.net\/index.php\/wp-json\/wp\/v2\/media?parent=6718"}],"wp:term":[{"taxonomy":"category","embeddable":true,"href":"https:\/\/fdnoaxaca.net\/index.php\/wp-json\/wp\/v2\/categories?post=6718"},{"taxonomy":"post_tag","embeddable":true,"href":"https:\/\/fdnoaxaca.net\/index.php\/wp-json\/wp\/v2\/tags?post=6718"}],"curies":[{"name":"wp","href":"https:\/\/api.w.org\/{rel}","templated":true}]}}