{"id":6742,"date":"2021-02-18T00:39:41","date_gmt":"2021-02-18T00:39:41","guid":{"rendered":"https:\/\/fdnoaxaca.net\/?p=6742"},"modified":"2021-02-18T00:39:44","modified_gmt":"2021-02-18T00:39:44","slug":"incendio-forestal-en-santiago-clavellinas-se-propaga-y-alcanza-viviendas","status":"publish","type":"post","link":"https:\/\/fdnoaxaca.net\/index.php\/2021\/02\/18\/incendio-forestal-en-santiago-clavellinas-se-propaga-y-alcanza-viviendas\/","title":{"rendered":"Incendio forestal en Santiago Clavellinas se propaga y alcanza viviendas"},"content":{"rendered":"\n<p>Oaxaca de Ju\u00e1rez, Oax. 17 de febrero de 2021.- El incendio forestal que inici\u00f3 el martes en la comunidad de Santiago Clavellinas, perteneciente al municipio de Zimatl\u00e1n de \u00c1lvarez, se ha propagado r\u00e1pidamente.<\/p>\n\n\n\n<p>Este mi\u00e9rcoles el fuego se extendi\u00f3 y consumi\u00f3 unas 10 viviendas en esta comunidad de la regi\u00f3n de Valles Centrales de Oaxaca.<\/p>\n\n\n\n<p>La comunidad solicita el apoyo de m\u00e1s brigadistas y autoridades de los distintos niveles de gobierno para sofocar el incendio.<\/p>\n\n\n\n<figure class=\"wp-block-embed-twitter wp-block-embed is-type-rich is-provider-twitter\"><div class=\"wp-block-embed__wrapper\">\n<blockquote class=\"twitter-tweet\" data-width=\"550\" data-dnt=\"true\"><p lang=\"es\" dir=\"ltr\">Se propaga incendio forestal en Santiago Clavellinas, Zimatl\u00e1n de \u00c1lvarez, y alcanza viviendas en esta comunidad de <a href=\"https:\/\/twitter.com\/hashtag\/Oaxaca?src=hash&amp;ref_src=twsrc%5Etfw\">#Oaxaca<\/a> <a href=\"https:\/\/twitter.com\/hashtag\/TwitterOax?src=hash&amp;ref_src=twsrc%5Etfw\">#TwitterOax<\/a> <a href=\"https:\/\/t.co\/pNpTuQzlso\">pic.twitter.com\/pNpTuQzlso<\/a><\/p>&mdash; FDN Oaxaca (@FDN_Oaxaca) <a href=\"https:\/\/twitter.com\/FDN_Oaxaca\/status\/1362170342198759425?ref_src=twsrc%5Etfw\">February 17, 2021<\/a><\/blockquote><script async src=\"https:\/\/platform.twitter.com\/widgets.js\" charset=\"utf-8\"><\/script>\n<\/div><\/figure>\n\n\n\n<p>Al momento se encuentran laborando personal de Protecci\u00f3n Civil, de las Comisiones Forestales Estatal y Nacional (Coesfo, Conafor), de la Guardia Nacional y comuneros, quienes a contrafuego trabajan para apagar el incendio.<\/p>\n\n\n\n<p>Este mi\u00e9rcoles se encuentran en el estado cuatro incendios forestales activos: el de Santiago Clavellinas, Santa Mar\u00eda Pe\u00f1oles, en Santa Mar\u00eda Lachixio, y en Santa Mar\u00eda Chimalapas.<\/p>\n\n\n\n<p>En los primeros dos meses de este a\u00f1o, alrededor de 30 incendios forestales se han registrado en Oaxaca, inform\u00f3 la Coesfo.<\/p>\n","protected":false},"excerpt":{"rendered":"<p>Oaxaca de Ju\u00e1rez, Oax. 17 de febrero de 2021.- El incendio forestal que inici\u00f3 el martes en la comunidad de Santiago Clavellinas, perteneciente al municipio de Zimatl\u00e1n de \u00c1lvarez, se ha propagado r\u00e1pidamente. Este mi\u00e9rcoles el fuego se extendi\u00f3 y consumi\u00f3 unas 10 viviendas en esta comunidad de la regi\u00f3n de Valles Centrales de Oaxaca&#8230;.<\/p>\n","protected":false},"author":4,"featured_media":6743,"comment_status":"closed","ping_status":"closed","sticky":false,"template":"","format":"standard","meta":{"footnotes":""},"categories":[49],"tags":[],"class_list":["post-6742","post","type-post","status-publish","format-standard","has-post-thumbnail","hentry","category-titulares"],"_links":{"self":[{"href":"https:\/\/fdnoaxaca.net\/index.php\/wp-json\/wp\/v2\/posts\/6742","targetHints":{"allow":["GET"]}}],"collection":[{"href":"https:\/\/fdnoaxaca.net\/index.php\/wp-json\/wp\/v2\/posts"}],"about":[{"href":"https:\/\/fdnoaxaca.net\/index.php\/wp-json\/wp\/v2\/types\/post"}],"author":[{"embeddable":true,"href":"https:\/\/fdnoaxaca.net\/index.php\/wp-json\/wp\/v2\/users\/4"}],"replies":[{"embeddable":true,"href":"https:\/\/fdnoaxaca.net\/index.php\/wp-json\/wp\/v2\/comments?post=6742"}],"version-history":[{"count":1,"href":"https:\/\/fdnoaxaca.net\/index.php\/wp-json\/wp\/v2\/posts\/6742\/revisions"}],"predecessor-version":[{"id":6744,"href":"https:\/\/fdnoaxaca.net\/index.php\/wp-json\/wp\/v2\/posts\/6742\/revisions\/6744"}],"wp:featuredmedia":[{"embeddable":true,"href":"https:\/\/fdnoaxaca.net\/index.php\/wp-json\/wp\/v2\/media\/6743"}],"wp:attachment":[{"href":"https:\/\/fdnoaxaca.net\/index.php\/wp-json\/wp\/v2\/media?parent=6742"}],"wp:term":[{"taxonomy":"category","embeddable":true,"href":"https:\/\/fdnoaxaca.net\/index.php\/wp-json\/wp\/v2\/categories?post=6742"},{"taxonomy":"post_tag","embeddable":true,"href":"https:\/\/fdnoaxaca.net\/index.php\/wp-json\/wp\/v2\/tags?post=6742"}],"curies":[{"name":"wp","href":"https:\/\/api.w.org\/{rel}","templated":true}]}}