{"id":6760,"date":"2021-02-19T20:50:38","date_gmt":"2021-02-19T20:50:38","guid":{"rendered":"https:\/\/fdnoaxaca.net\/?p=6760"},"modified":"2021-02-19T20:50:41","modified_gmt":"2021-02-19T20:50:41","slug":"invitan-a-jornada-para-preservar-y-promover-las-lenguas-maternas-en-oaxaca","status":"publish","type":"post","link":"https:\/\/fdnoaxaca.net\/index.php\/2021\/02\/19\/invitan-a-jornada-para-preservar-y-promover-las-lenguas-maternas-en-oaxaca\/","title":{"rendered":"Invitan a jornada para preservar y promover las lenguas maternas en Oaxaca"},"content":{"rendered":"\n<p>Oaxaca de Ju\u00e1rez, Oax. 19 de febrero 2021.- Con motivo del D\u00eda Internacional de la Lengua Materna 2021, la Secretar\u00eda de las Culturas y Artes de Oaxaca (Seculta) lleva a cabo la Jornada de Lenguas Maternas: Oaxaca frente a los retos de 2021, con diversas actividades que ser\u00e1n transmitidas a trav\u00e9s de su p\u00e1gina de Facebook: https:\/\/www.facebook.com\/seculta.<\/p>\n\n\n\n<p>Durante esta jornada que inici\u00f3 el jueves 18 de febrero se busca impulsar el fomento a la lectura y la escritura en lenguas ind\u00edgenas en los ni\u00f1os y j\u00f3venes, aunado a el reto de las publicaciones mono y biling\u00fces en los tiempos del Covid-19.<\/p>\n\n\n\n<p>La titular de la Seculta, Karla Villaca\u00f1a Quevedo, agradeci\u00f3 la participaci\u00f3n de la doctora Lorena C\u00f3rdova Hern\u00e1ndez y de los maestros Pergentino Jos\u00e9 Ruiz y Gonzalo Santiago Mart\u00ednez, para fomentar e impulsar la oralidad en lenguas ind\u00edgenas en la entidad. <\/p>\n\n\n\n<p>Enfatiz\u00f3 que ser\u00e1 hasta el domingo 21 de febrero cuando los oaxaque\u00f1os podr\u00e1n seguir los contenidos referentes a la Jornada de Lenguas Maternas: Oaxaca frente a los retos de 2021.<\/p>\n\n\n\n<p>Destac\u00f3 que este viernes 19, a las 18:00 horas se presenta la mesa \u201cEl fomento de las lenguas ind\u00edgenas en los ni\u00f1os y j\u00f3venes. El reto de la preservaci\u00f3n de las lenguas maternas en las nuevas generaciones\u201d, adem\u00e1s de que el s\u00e1bado 20, a las 12:00 horas se presenta el tema \u201cAprovechamiento de las nuevas tecnolog\u00edas para la conservaci\u00f3n y promoci\u00f3n de las lenguas maternas\u201d.<\/p>\n\n\n\n<p>Asimismo, en una programaci\u00f3n especial el domingo 21 de febrero se realizar\u00e1 la presentaci\u00f3n de proyectos seleccionados en las convocatorias de \u201cJornadas de Fomento a la Escritura, la Lectura y la Oralidad en Lenguas Ind\u00edgenas\u201d y \u201cFortaleciendo Tradiciones en Grupos Ind\u00edgenas, Afromexicano y Mestizo del Estado de Oaxaca 2020\u201d, en un horario de 12:00 a 19:30 horas.<\/p>\n","protected":false},"excerpt":{"rendered":"<p>Oaxaca de Ju\u00e1rez, Oax. 19 de febrero 2021.- Con motivo del D\u00eda Internacional de la Lengua Materna 2021, la Secretar\u00eda de las Culturas y Artes de Oaxaca (Seculta) lleva a cabo la Jornada de Lenguas Maternas: Oaxaca frente a los retos de 2021, con diversas actividades que ser\u00e1n transmitidas a trav\u00e9s de su p\u00e1gina de&#8230;<\/p>\n","protected":false},"author":4,"featured_media":6761,"comment_status":"closed","ping_status":"closed","sticky":false,"template":"","format":"standard","meta":{"footnotes":""},"categories":[4],"tags":[],"class_list":["post-6760","post","type-post","status-publish","format-standard","has-post-thumbnail","hentry","category-general"],"_links":{"self":[{"href":"https:\/\/fdnoaxaca.net\/index.php\/wp-json\/wp\/v2\/posts\/6760","targetHints":{"allow":["GET"]}}],"collection":[{"href":"https:\/\/fdnoaxaca.net\/index.php\/wp-json\/wp\/v2\/posts"}],"about":[{"href":"https:\/\/fdnoaxaca.net\/index.php\/wp-json\/wp\/v2\/types\/post"}],"author":[{"embeddable":true,"href":"https:\/\/fdnoaxaca.net\/index.php\/wp-json\/wp\/v2\/users\/4"}],"replies":[{"embeddable":true,"href":"https:\/\/fdnoaxaca.net\/index.php\/wp-json\/wp\/v2\/comments?post=6760"}],"version-history":[{"count":1,"href":"https:\/\/fdnoaxaca.net\/index.php\/wp-json\/wp\/v2\/posts\/6760\/revisions"}],"predecessor-version":[{"id":6762,"href":"https:\/\/fdnoaxaca.net\/index.php\/wp-json\/wp\/v2\/posts\/6760\/revisions\/6762"}],"wp:featuredmedia":[{"embeddable":true,"href":"https:\/\/fdnoaxaca.net\/index.php\/wp-json\/wp\/v2\/media\/6761"}],"wp:attachment":[{"href":"https:\/\/fdnoaxaca.net\/index.php\/wp-json\/wp\/v2\/media?parent=6760"}],"wp:term":[{"taxonomy":"category","embeddable":true,"href":"https:\/\/fdnoaxaca.net\/index.php\/wp-json\/wp\/v2\/categories?post=6760"},{"taxonomy":"post_tag","embeddable":true,"href":"https:\/\/fdnoaxaca.net\/index.php\/wp-json\/wp\/v2\/tags?post=6760"}],"curies":[{"name":"wp","href":"https:\/\/api.w.org\/{rel}","templated":true}]}}