{"id":6768,"date":"2021-02-19T23:43:22","date_gmt":"2021-02-19T23:43:22","guid":{"rendered":"https:\/\/fdnoaxaca.net\/?p=6768"},"modified":"2021-02-19T23:43:26","modified_gmt":"2021-02-19T23:43:26","slug":"mueren-municipe-y-exdiputado-local-en-oaxaca","status":"publish","type":"post","link":"https:\/\/fdnoaxaca.net\/index.php\/2021\/02\/19\/mueren-municipe-y-exdiputado-local-en-oaxaca\/","title":{"rendered":"Mueren mun\u00edcipe y exdiputado local en Oaxaca"},"content":{"rendered":"\n<p>Oaxaca de Ju\u00e1rez, Oax. 19 de febrero de 2021.- El presidente municipal de San Sebasti\u00e1n R\u00edo Hondo, Juvenal Garc\u00eda Hern\u00e1ndez, muri\u00f3 por complicaciones en su salud debido al Covid-19.<\/p>\n\n\n\n<p>De acuerdo con la autoridad local de San Sebasti\u00e1n R\u00edo Hondo, el mun\u00edcipe falleci\u00f3 cerca de la medianoche del jueves. Su muerte fue informada este viernes, y al respecto, el gobernador Alejandro Murat Hinojosa envi\u00f3 sus condolencias a la familia del edil.<\/p>\n\n\n\n<p>El presidente municipal hab\u00eda presentado s\u00edntomas de Covid-19, y se encontraba recibiendo atenci\u00f3n hospitalaria cuando falleci\u00f3.<\/p>\n\n\n\n<p>Con la muerte de Garc\u00eda Hern\u00e1ndez, son 18 presidentes municipales quienes han fallecido en el per\u00edodo de marzo de 2020 a febrero de 2021, desde que se present\u00f3 el primer caso de Covid-19. <\/p>\n\n\n\n<p>En 14 casos, la causa de muerte ha sido por complicaciones en la salud de las autoridades municipales, debido al Covid-19.<\/p>\n\n\n\n<p>Asimismo, este viernes se inform\u00f3 de la muerte del exdiputado local Horacio Antonio Mendoza, quien perdi\u00f3 la vida a causa del Covid-19.<\/p>\n\n\n\n<p>Antonio Mendoza hab\u00eda sido diputado local por el Partido de la Revoluci\u00f3n Democr\u00e1tica (PRD) en la 63 Legislatura de Oaxaca, quien debido a las complicaciones en su salud a causa del Covid-19, hab\u00eda sido hospitalizado, y este viernes falleci\u00f3.<\/p>\n\n\n\n<p>En Oaxaca, hasta el corte del 18 de febrero, suman 39 mil 20 casos confirmados de contagio de Covid-19, de los cuales, dos mil 776 personas han muerto.<\/p>\n","protected":false},"excerpt":{"rendered":"<p>Oaxaca de Ju\u00e1rez, Oax. 19 de febrero de 2021.- El presidente municipal de San Sebasti\u00e1n R\u00edo Hondo, Juvenal Garc\u00eda Hern\u00e1ndez, muri\u00f3 por complicaciones en su salud debido al Covid-19. De acuerdo con la autoridad local de San Sebasti\u00e1n R\u00edo Hondo, el mun\u00edcipe falleci\u00f3 cerca de la medianoche del jueves. Su muerte fue informada este viernes,&#8230;<\/p>\n","protected":false},"author":4,"featured_media":6769,"comment_status":"closed","ping_status":"closed","sticky":false,"template":"","format":"standard","meta":{"footnotes":""},"categories":[49],"tags":[],"class_list":["post-6768","post","type-post","status-publish","format-standard","has-post-thumbnail","hentry","category-titulares"],"_links":{"self":[{"href":"https:\/\/fdnoaxaca.net\/index.php\/wp-json\/wp\/v2\/posts\/6768","targetHints":{"allow":["GET"]}}],"collection":[{"href":"https:\/\/fdnoaxaca.net\/index.php\/wp-json\/wp\/v2\/posts"}],"about":[{"href":"https:\/\/fdnoaxaca.net\/index.php\/wp-json\/wp\/v2\/types\/post"}],"author":[{"embeddable":true,"href":"https:\/\/fdnoaxaca.net\/index.php\/wp-json\/wp\/v2\/users\/4"}],"replies":[{"embeddable":true,"href":"https:\/\/fdnoaxaca.net\/index.php\/wp-json\/wp\/v2\/comments?post=6768"}],"version-history":[{"count":1,"href":"https:\/\/fdnoaxaca.net\/index.php\/wp-json\/wp\/v2\/posts\/6768\/revisions"}],"predecessor-version":[{"id":6770,"href":"https:\/\/fdnoaxaca.net\/index.php\/wp-json\/wp\/v2\/posts\/6768\/revisions\/6770"}],"wp:featuredmedia":[{"embeddable":true,"href":"https:\/\/fdnoaxaca.net\/index.php\/wp-json\/wp\/v2\/media\/6769"}],"wp:attachment":[{"href":"https:\/\/fdnoaxaca.net\/index.php\/wp-json\/wp\/v2\/media?parent=6768"}],"wp:term":[{"taxonomy":"category","embeddable":true,"href":"https:\/\/fdnoaxaca.net\/index.php\/wp-json\/wp\/v2\/categories?post=6768"},{"taxonomy":"post_tag","embeddable":true,"href":"https:\/\/fdnoaxaca.net\/index.php\/wp-json\/wp\/v2\/tags?post=6768"}],"curies":[{"name":"wp","href":"https:\/\/api.w.org\/{rel}","templated":true}]}}