{"id":6952,"date":"2021-03-17T07:36:22","date_gmt":"2021-03-17T07:36:22","guid":{"rendered":"https:\/\/fdnoaxaca.net\/?p=6952"},"modified":"2021-03-17T07:41:22","modified_gmt":"2021-03-17T07:41:22","slug":"presentan-reacciones-nueve-adultos-luego-de-recibir-vacuna-astrazeneca-en-oaxaca","status":"publish","type":"post","link":"https:\/\/fdnoaxaca.net\/index.php\/2021\/03\/17\/presentan-reacciones-nueve-adultos-luego-de-recibir-vacuna-astrazeneca-en-oaxaca\/","title":{"rendered":"Presentan reacciones nueve adultos luego de recibir vacuna AstraZeneca en Oaxaca"},"content":{"rendered":"\n<p>Oaxaca de Ju\u00e1rez, Oax. 17 de marzo de 2021.- Nueve adultos mayores presentaron reacciones en Oaxaca luego de recibir la vacuna AstraZeneca contra Covid-19. <\/p>\n\n\n\n<p>En su informe del 16 de marzo, los Servicios de Salud de Oaxaca informaron que este grupo de personas present\u00f3 reacciones no graves atribuibles a la vacuna experimental. <\/p>\n\n\n\n<p>De acuerdo con la dependencia, los s\u00edntomas reportados son cefalea, dolor o sensibilidad en el \u00e1rea de aplicaci\u00f3n, astenia y mareos.<\/p>\n\n\n\n<p>En Europa y Alemania fue suspendida la aplicaci\u00f3n de la vacuna del laboratorio AstraZeneca debido a efectos secundarios reportados en las personas que recibieron la dosis, como es trombosis de las venas cerebrales. <\/p>\n\n\n\n<p>La aplicaci\u00f3n de esta vacuna experimental se ha cancelado hasta ahora en los pa\u00edses de Francia, Italia y Alemania. <\/p>\n\n\n\n<p>En tanto, en lo que respecta a Oaxaca, M\u00e9xico, hasta ahora los casos reportados, asegura el sector Salud, no son graves. <\/p>\n\n\n\n<p>Sobre el registro de casos de contagio de Covid-19, al corte del 16 de marzo, la entidad report\u00f3 un total de 83 casos nuevos distribuidos en 33 municipios de la entidad, por lo que Oaxaca acumula un total de 42 mil 398 casos confirmados.<\/p>\n\n\n\n<p>De acuerdo con el reporte diario, en el estado suman 3 mil 075 fallecimientos a causa del Covid-19. <\/p>\n\n\n\n<p>Actualmente Oaxaca registra un acumulado de 38 mil 891 pacientes recuperados, 4 mil 712 sospechosos, 19 mil 657 negativos, para un global de 66 mil 767 notificaciones.<\/p>\n\n\n\n<p>La Jurisdicci\u00f3n Sanitaria de Valles Centrales report\u00f3 29 mil 137 casos confirmados y mil 638 defunciones, Istmo 3 mil 473 confirmados y 495 muertes; Tuxtepec 2 mil 680 y 325 fallecimientos; Costa 2 mil 077 casos confirmados y 205 decesos, Mixteca 3 mil 550 casos confirmados y 287 muertes y la jurisdicci\u00f3n sanitaria Sierra mil 481 casos confirmados y 125 defunciones.<\/p>\n\n\n\n<p>Los 83 casos nuevos de contagio se ubican en 33 municipios, dentro de los que destacan por el mayor n\u00famero: Oaxaca de Ju\u00e1rez con 31, Santa Cruz Xoxocotl\u00e1n con cinco, Villa de Zaachila con cuatro, San Bartolo Coyotepec y San Antonio Castillo Velasco con tres, el resto de municipios presentan dos y un caso.<\/p>\n\n\n\n<p>Asimismo, cuatro hospitales registraron el 100% de ocupaci\u00f3n; se tienen 24 nuevos hospitalizados para un total de 263 camas ocupadas de las 606 disponibles, lo que representa un 43.4% de ocupaci\u00f3n general en el sector salud.<\/p>\n","protected":false},"excerpt":{"rendered":"<p>Oaxaca de Ju\u00e1rez, Oax. 17 de marzo de 2021.- Nueve adultos mayores presentaron reacciones en Oaxaca luego de recibir la vacuna AstraZeneca contra Covid-19. En su informe del 16 de marzo, los Servicios de Salud de Oaxaca informaron que este grupo de personas present\u00f3 reacciones no graves atribuibles a la vacuna experimental. De acuerdo con&#8230;<\/p>\n","protected":false},"author":4,"featured_media":6953,"comment_status":"closed","ping_status":"closed","sticky":false,"template":"","format":"standard","meta":{"footnotes":""},"categories":[49],"tags":[],"class_list":["post-6952","post","type-post","status-publish","format-standard","has-post-thumbnail","hentry","category-titulares"],"_links":{"self":[{"href":"https:\/\/fdnoaxaca.net\/index.php\/wp-json\/wp\/v2\/posts\/6952","targetHints":{"allow":["GET"]}}],"collection":[{"href":"https:\/\/fdnoaxaca.net\/index.php\/wp-json\/wp\/v2\/posts"}],"about":[{"href":"https:\/\/fdnoaxaca.net\/index.php\/wp-json\/wp\/v2\/types\/post"}],"author":[{"embeddable":true,"href":"https:\/\/fdnoaxaca.net\/index.php\/wp-json\/wp\/v2\/users\/4"}],"replies":[{"embeddable":true,"href":"https:\/\/fdnoaxaca.net\/index.php\/wp-json\/wp\/v2\/comments?post=6952"}],"version-history":[{"count":1,"href":"https:\/\/fdnoaxaca.net\/index.php\/wp-json\/wp\/v2\/posts\/6952\/revisions"}],"predecessor-version":[{"id":6954,"href":"https:\/\/fdnoaxaca.net\/index.php\/wp-json\/wp\/v2\/posts\/6952\/revisions\/6954"}],"wp:featuredmedia":[{"embeddable":true,"href":"https:\/\/fdnoaxaca.net\/index.php\/wp-json\/wp\/v2\/media\/6953"}],"wp:attachment":[{"href":"https:\/\/fdnoaxaca.net\/index.php\/wp-json\/wp\/v2\/media?parent=6952"}],"wp:term":[{"taxonomy":"category","embeddable":true,"href":"https:\/\/fdnoaxaca.net\/index.php\/wp-json\/wp\/v2\/categories?post=6952"},{"taxonomy":"post_tag","embeddable":true,"href":"https:\/\/fdnoaxaca.net\/index.php\/wp-json\/wp\/v2\/tags?post=6952"}],"curies":[{"name":"wp","href":"https:\/\/api.w.org\/{rel}","templated":true}]}}