{"id":704,"date":"2019-05-28T19:55:56","date_gmt":"2019-05-28T19:55:56","guid":{"rendered":"http:\/\/fdnoaxaca.net\/?p=704"},"modified":"2019-05-28T19:55:58","modified_gmt":"2019-05-28T19:55:58","slug":"incendio-destruye-dormitorio-en-internado-de-la-mixteca-de-oaxaca","status":"publish","type":"post","link":"https:\/\/fdnoaxaca.net\/index.php\/2019\/05\/28\/incendio-destruye-dormitorio-en-internado-de-la-mixteca-de-oaxaca\/","title":{"rendered":"Incendio destruye dormitorio en internado de la Mixteca de Oaxaca"},"content":{"rendered":"\n<p>\n\nOaxaca de Ju\u00e1rez, Oax. 27 de mayo de 2019.- Un incendio ocurrido el domingo en el internado de Santiago Yosond\u00faa, destruy\u00f3 el dormitorio de los alumnos de entre seis y 15 a\u00f1os de edad, quienes estudian su primaria en este plantel de la regi\u00f3n de la Mixteca de Oaxaca.<\/p>\n\n\n\n<p>El fuego dej\u00f3 \u00fanicamente da\u00f1os materiales y hasta la ma\u00f1ana de&nbsp;este lunes no se reportan estudiantes ni docentes lesionados.<\/p>\n\n\n\n<p>De acuerdo con la Secci\u00f3n 22 del Sindicato Nacional de Trabajadores de la Educaci\u00f3n (SNTE), el siniestro deriv\u00f3 presuntamente de un corto circuito mismo que destruy\u00f3 todo el dormitorio del Centro de Integraci\u00f3n Social, n\u00famero 20, \u201cMi Patria\u201d.<\/p>\n\n\n\n<p>Tras ello, el sindicato magisterial pide al gobierno de Oaxaca su intervenci\u00f3n para atender los da\u00f1os y empezar la reconstrucci\u00f3n de esta instituci\u00f3n p\u00fablica, en la modalidad de internado.<\/p>\n\n\n\n<p>Asimismo, la Secci\u00f3n 22 solicita a la sociedad su ayuda para apoyar a los estudiantes de escasos recursos, quienes estudian en ese internado, para lo cual recibir\u00e1 los v\u00edveres, cobijas, colchonetas y productos de higiene en su edificio ubicado en la calle de Armenta y L\u00f3pez, en el Centro Hist\u00f3rico de la ciudad de Oaxaca.\n\n<\/p>\n","protected":false},"excerpt":{"rendered":"<p>Oaxaca de Ju\u00e1rez, Oax. 27 de mayo de 2019.- Un incendio ocurrido el domingo en el internado de Santiago Yosond\u00faa, destruy\u00f3 el dormitorio de los alumnos de entre seis y 15 a\u00f1os de edad, quienes estudian su primaria en este plantel de la regi\u00f3n de la Mixteca de Oaxaca. El fuego dej\u00f3 \u00fanicamente da\u00f1os materiales&#8230;<\/p>\n","protected":false},"author":1,"featured_media":706,"comment_status":"open","ping_status":"open","sticky":false,"template":"","format":"standard","meta":{"footnotes":""},"categories":[4,49],"tags":[],"class_list":["post-704","post","type-post","status-publish","format-standard","has-post-thumbnail","hentry","category-general","category-titulares"],"_links":{"self":[{"href":"https:\/\/fdnoaxaca.net\/index.php\/wp-json\/wp\/v2\/posts\/704","targetHints":{"allow":["GET"]}}],"collection":[{"href":"https:\/\/fdnoaxaca.net\/index.php\/wp-json\/wp\/v2\/posts"}],"about":[{"href":"https:\/\/fdnoaxaca.net\/index.php\/wp-json\/wp\/v2\/types\/post"}],"author":[{"embeddable":true,"href":"https:\/\/fdnoaxaca.net\/index.php\/wp-json\/wp\/v2\/users\/1"}],"replies":[{"embeddable":true,"href":"https:\/\/fdnoaxaca.net\/index.php\/wp-json\/wp\/v2\/comments?post=704"}],"version-history":[{"count":2,"href":"https:\/\/fdnoaxaca.net\/index.php\/wp-json\/wp\/v2\/posts\/704\/revisions"}],"predecessor-version":[{"id":707,"href":"https:\/\/fdnoaxaca.net\/index.php\/wp-json\/wp\/v2\/posts\/704\/revisions\/707"}],"wp:featuredmedia":[{"embeddable":true,"href":"https:\/\/fdnoaxaca.net\/index.php\/wp-json\/wp\/v2\/media\/706"}],"wp:attachment":[{"href":"https:\/\/fdnoaxaca.net\/index.php\/wp-json\/wp\/v2\/media?parent=704"}],"wp:term":[{"taxonomy":"category","embeddable":true,"href":"https:\/\/fdnoaxaca.net\/index.php\/wp-json\/wp\/v2\/categories?post=704"},{"taxonomy":"post_tag","embeddable":true,"href":"https:\/\/fdnoaxaca.net\/index.php\/wp-json\/wp\/v2\/tags?post=704"}],"curies":[{"name":"wp","href":"https:\/\/api.w.org\/{rel}","templated":true}]}}