{"id":7116,"date":"2021-04-07T22:44:49","date_gmt":"2021-04-07T22:44:49","guid":{"rendered":"https:\/\/fdnoaxaca.net\/?p=7116"},"modified":"2021-04-07T22:45:02","modified_gmt":"2021-04-07T22:45:02","slug":"sustituyen-a-coordinadora-de-la-fraccion-parlamentaria-de-morena-en-congreso","status":"publish","type":"post","link":"https:\/\/fdnoaxaca.net\/index.php\/2021\/04\/07\/sustituyen-a-coordinadora-de-la-fraccion-parlamentaria-de-morena-en-congreso\/","title":{"rendered":"Sustituyen a coordinadora de la fracci\u00f3n parlamentaria de Morena en Congreso"},"content":{"rendered":"\n<p>Oaxaca de Ju\u00e1rez, Oax. 7 de abril de 2021.- La fracci\u00f3n parlamentaria de Morena reemplaz\u00f3 a su coordinadora en la 64 Legislatura de Oaxaca, Delfina Elizabeth Guzm\u00e1n D\u00edaz, y por consiguiente, de la Junta de Coordinaci\u00f3n Pol\u00edtica (Jucopo). <\/p>\n\n\n\n<p>Los diputados locales de Morena designaron al legislador Fredie Delf\u00edn Avenda\u00f1o como el nuevo coordinador de la bancada de este partido pol\u00edtico, y asimismo como titular de la Jucopo.<\/p>\n\n\n\n<p>Este cambio se da en medio del conflicto pol\u00edtico al interior de Morena debido a la designaci\u00f3n de candidaturas en el actual proceso electoral, entre los grupos que lidera el senador de la Rep\u00fablica, Salom\u00f3n Jara Cruz, y el grupo de legisladores que encabezan los Sosa Villavicencio.<\/p>\n\n\n\n<p>Sin embargo, el grupo de legisladores argument\u00f3 que el cambio hecho en la fracci\u00f3n parlamentaria se debe a que la diputada Guzm\u00e1n D\u00edaz, participar\u00e1 en las siguientes elecciones. <\/p>\n\n\n\n<p>&#8220;Toda vez que la actual Coordinadora del Grupo Parlamentario de Morena, la diputada Delfina Elizabeth Guzm\u00e1n D\u00edaz, ha decidido participar en el proceso electoral ordinario 2020-2021, lo cual absorber\u00e1 su tiempo que no le permitir\u00e1 cumplir con las m\u00faltiples funciones que se tienen como Coordinadora de este Grupo Parlamentario, por lo que es pertinente proceder a la designaci\u00f3n de una nueva o nuevo Coordinador, as\u00ed como Vicecoordinador\/a o Vocero\/a&#8221;, indicaron. <\/p>\n\n\n\n<p>Al respecto, la diputada Delfina Guzm\u00e1n consider\u00f3 que este cambio es inconstitucional, una violaci\u00f3n a sus derechos humanos y pol\u00edticos, y un acto de violencia pol\u00edtica. <\/p>\n\n\n\n<p>&#8220;Se trata de un acto viciado, contrario a la ley y de incongruencia pol\u00edtica. Esto es as\u00ed, debido a que la supuesta sesi\u00f3n en que se me destituye, fue realizada el 6 de abril del presente a\u00f1o, a mis espaldas, sin convocatoria formal previa, sin mi presencia y consecuentemente sin otorgarme el derecho de audiencia y defensa; y adem\u00e1s, utilizando un argumento que a todas luces resulta ser mis\u00f3gino y un acto de violencia pol\u00edtica, pues se refiere que no ser\u00e9 capaz de ser candidata a la diputaci\u00f3n local y coordinadora de la fracci\u00f3n parlamentaria al mismo tiempo.  Todo ello en contravenci\u00f3n a los derechos humanos y pol\u00edticos previstos en nuestra Constituci\u00f3n y sin argumento legal alguno&#8221;, se\u00f1al\u00f3. <\/p>\n\n\n\n<p>La diputada local fue electa para ejercer el cargo de Coordinadora Parlamentaria de Morena y asumir la Presidencia de la Junta de Coordinaci\u00f3n Pol\u00edtica por el periodo del 13 de noviembre de 2020 al 12 de noviembre de 2021. <\/p>\n\n\n\n<p>Ante los cambios hechos, reiter\u00f3 que son ilegales. &#8220;No solo se viola la Constituci\u00f3n, la Ley Org\u00e1nica y el Reglamento Interno del Congreso local, sino tambi\u00e9n el Reglamento Interno del Grupo Parlamentario y Acuerdos pol\u00edticos previos, sino tambi\u00e9n los documentos b\u00e1sicos del partido Morena y las leyes en materia de paridad de g\u00e9nero y contra la violencia pol\u00edtica, leyes que nosotros mismos hemos aprobado como legisladores&#8221;, declar\u00f3. <\/p>\n\n\n\n<p>Indic\u00f3 adem\u00e1s que denunciar\u00e1 ante las instancias internas del partido morenista e instancias administrativas y jurisdiccionales la situaci\u00f3n, al igual que no acepta la sustituci\u00f3n, por lo que permanecer\u00e1 como la representante legal del Congreso del estado de Oaxaca, al presidir la Junta de Coordinaci\u00f3n Pol\u00edtica. <\/p>\n","protected":false},"excerpt":{"rendered":"<p>Oaxaca de Ju\u00e1rez, Oax. 7 de abril de 2021.- La fracci\u00f3n parlamentaria de Morena reemplaz\u00f3 a su coordinadora en la 64 Legislatura de Oaxaca, Delfina Elizabeth Guzm\u00e1n D\u00edaz, y por consiguiente, de la Junta de Coordinaci\u00f3n Pol\u00edtica (Jucopo). Los diputados locales de Morena designaron al legislador Fredie Delf\u00edn Avenda\u00f1o como el nuevo coordinador de la&#8230;<\/p>\n","protected":false},"author":4,"featured_media":7117,"comment_status":"closed","ping_status":"closed","sticky":false,"template":"","format":"standard","meta":{"footnotes":""},"categories":[49],"tags":[],"class_list":["post-7116","post","type-post","status-publish","format-standard","has-post-thumbnail","hentry","category-titulares"],"_links":{"self":[{"href":"https:\/\/fdnoaxaca.net\/index.php\/wp-json\/wp\/v2\/posts\/7116","targetHints":{"allow":["GET"]}}],"collection":[{"href":"https:\/\/fdnoaxaca.net\/index.php\/wp-json\/wp\/v2\/posts"}],"about":[{"href":"https:\/\/fdnoaxaca.net\/index.php\/wp-json\/wp\/v2\/types\/post"}],"author":[{"embeddable":true,"href":"https:\/\/fdnoaxaca.net\/index.php\/wp-json\/wp\/v2\/users\/4"}],"replies":[{"embeddable":true,"href":"https:\/\/fdnoaxaca.net\/index.php\/wp-json\/wp\/v2\/comments?post=7116"}],"version-history":[{"count":1,"href":"https:\/\/fdnoaxaca.net\/index.php\/wp-json\/wp\/v2\/posts\/7116\/revisions"}],"predecessor-version":[{"id":7118,"href":"https:\/\/fdnoaxaca.net\/index.php\/wp-json\/wp\/v2\/posts\/7116\/revisions\/7118"}],"wp:featuredmedia":[{"embeddable":true,"href":"https:\/\/fdnoaxaca.net\/index.php\/wp-json\/wp\/v2\/media\/7117"}],"wp:attachment":[{"href":"https:\/\/fdnoaxaca.net\/index.php\/wp-json\/wp\/v2\/media?parent=7116"}],"wp:term":[{"taxonomy":"category","embeddable":true,"href":"https:\/\/fdnoaxaca.net\/index.php\/wp-json\/wp\/v2\/categories?post=7116"},{"taxonomy":"post_tag","embeddable":true,"href":"https:\/\/fdnoaxaca.net\/index.php\/wp-json\/wp\/v2\/tags?post=7116"}],"curies":[{"name":"wp","href":"https:\/\/api.w.org\/{rel}","templated":true}]}}