{"id":7122,"date":"2021-04-09T01:18:15","date_gmt":"2021-04-09T01:18:15","guid":{"rendered":"https:\/\/fdnoaxaca.net\/?p=7122"},"modified":"2021-04-09T01:18:18","modified_gmt":"2021-04-09T01:18:18","slug":"sustituyen-a-secretario-de-seguridad-publica-de-oaxaca-llega-heliodoro-diaz","status":"publish","type":"post","link":"https:\/\/fdnoaxaca.net\/index.php\/2021\/04\/09\/sustituyen-a-secretario-de-seguridad-publica-de-oaxaca-llega-heliodoro-diaz\/","title":{"rendered":"Sustituyen a Secretario de Seguridad P\u00fablica de Oaxaca; llega Heliodoro D\u00edaz"},"content":{"rendered":"\n<p>Oaxaca de Ju\u00e1rez, Oax. 8 de abril de 2021.- A casi dos semanas de que concluyera el paro laboral de la Polic\u00eda Estatal, quien entre sus demandas exig\u00eda la destituci\u00f3n del titular de la Secretar\u00eda de Seguridad P\u00fablica de Oaxaca, Ernesto Salcedo, este jueves fue anunciado el reemplazo en esta dependencia estatal. <\/p>\n\n\n\n<p>A partir de este jueves asume la titularidad de la Secretar\u00eda de Seguridad P\u00fablica del estado, Heliodoro Carlos D\u00edaz Esc\u00e1rraga, excoordinador de Protecci\u00f3n Civil de Oaxaca. <\/p>\n\n\n\n<p>&#8220;De conformidad con las atribuciones que le confiere el Art\u00edculo 79 de la Constituci\u00f3n Pol\u00edtica del estado libre y soberano de Oaxaca, el gobernador Alejandro Murat Hinojosa, design\u00f3 nuevos titulares en el Gabinete legal y ampliado&#8221;, argument\u00f3 el gobierno estatal. <\/p>\n\n\n\n<p>La designaci\u00f3n de D\u00edaz Esc\u00e1rraga como nuevo Secretario de Seguridad P\u00fablica, ocurre 12 d\u00edas despu\u00e9s de que el paro laboral de la Polic\u00eda Estatal concluyera. <\/p>\n\n\n\n<p>Durante nueve d\u00edas, elementos de la corporaci\u00f3n estatal suspendieron actividades, para exigir mejoras laborales, y entre sus demandas estaba tambi\u00e9n la destituci\u00f3n de funcionarios, incluyendo la del entonces Secretario de Seguridad, Ernesto Salcedo. <\/p>\n\n\n\n<p>El 31 de marzo tambi\u00e9n fue reemplazado el Comisionado de la Polic\u00eda Estatal de Oaxaca; desde esa fecha el nuevo responsable de esa \u00e1rea es Ra\u00fal Antonio Castillejos Solis. <\/p>\n\n\n\n<p>Asimismo, tambi\u00e9n el gobernador anunci\u00f3 cambios en otras tres dependencias gubernamentales. <\/p>\n\n\n\n<p>Fue designada Nallely Hern\u00e1ndez Garc\u00eda como Secretaria de Pueblos Ind\u00edgenas y Afromexicano (Sepia); Rosa Nidia Villalobos Gonz\u00e1lez, como directora del Registro Civil y Edna Fernanda P\u00e9rez Z\u00e1rate, como titular del Instituto de la Juventud del Estado de Oaxaca (Injeo).<\/p>\n","protected":false},"excerpt":{"rendered":"<p>Oaxaca de Ju\u00e1rez, Oax. 8 de abril de 2021.- A casi dos semanas de que concluyera el paro laboral de la Polic\u00eda Estatal, quien entre sus demandas exig\u00eda la destituci\u00f3n del titular de la Secretar\u00eda de Seguridad P\u00fablica de Oaxaca, Ernesto Salcedo, este jueves fue anunciado el reemplazo en esta dependencia estatal. A partir de&#8230;<\/p>\n","protected":false},"author":4,"featured_media":7123,"comment_status":"closed","ping_status":"closed","sticky":false,"template":"","format":"standard","meta":{"footnotes":""},"categories":[49],"tags":[],"class_list":["post-7122","post","type-post","status-publish","format-standard","has-post-thumbnail","hentry","category-titulares"],"_links":{"self":[{"href":"https:\/\/fdnoaxaca.net\/index.php\/wp-json\/wp\/v2\/posts\/7122","targetHints":{"allow":["GET"]}}],"collection":[{"href":"https:\/\/fdnoaxaca.net\/index.php\/wp-json\/wp\/v2\/posts"}],"about":[{"href":"https:\/\/fdnoaxaca.net\/index.php\/wp-json\/wp\/v2\/types\/post"}],"author":[{"embeddable":true,"href":"https:\/\/fdnoaxaca.net\/index.php\/wp-json\/wp\/v2\/users\/4"}],"replies":[{"embeddable":true,"href":"https:\/\/fdnoaxaca.net\/index.php\/wp-json\/wp\/v2\/comments?post=7122"}],"version-history":[{"count":1,"href":"https:\/\/fdnoaxaca.net\/index.php\/wp-json\/wp\/v2\/posts\/7122\/revisions"}],"predecessor-version":[{"id":7124,"href":"https:\/\/fdnoaxaca.net\/index.php\/wp-json\/wp\/v2\/posts\/7122\/revisions\/7124"}],"wp:featuredmedia":[{"embeddable":true,"href":"https:\/\/fdnoaxaca.net\/index.php\/wp-json\/wp\/v2\/media\/7123"}],"wp:attachment":[{"href":"https:\/\/fdnoaxaca.net\/index.php\/wp-json\/wp\/v2\/media?parent=7122"}],"wp:term":[{"taxonomy":"category","embeddable":true,"href":"https:\/\/fdnoaxaca.net\/index.php\/wp-json\/wp\/v2\/categories?post=7122"},{"taxonomy":"post_tag","embeddable":true,"href":"https:\/\/fdnoaxaca.net\/index.php\/wp-json\/wp\/v2\/tags?post=7122"}],"curies":[{"name":"wp","href":"https:\/\/api.w.org\/{rel}","templated":true}]}}