{"id":7125,"date":"2021-04-09T23:28:04","date_gmt":"2021-04-09T23:28:04","guid":{"rendered":"https:\/\/fdnoaxaca.net\/?p=7125"},"modified":"2021-04-09T23:28:14","modified_gmt":"2021-04-09T23:28:14","slug":"considera-seccion-22-un-error-designacion-de-nuevo-secretario-de-seguridad-de-oaxaca","status":"publish","type":"post","link":"https:\/\/fdnoaxaca.net\/index.php\/2021\/04\/09\/considera-seccion-22-un-error-designacion-de-nuevo-secretario-de-seguridad-de-oaxaca\/","title":{"rendered":"Considera Secci\u00f3n 22 &#8220;un error&#8221; designaci\u00f3n de nuevo Secretario de Seguridad de Oaxaca"},"content":{"rendered":"\n<p>Oaxaca de Ju\u00e1rez, Oax. 9 de abril de 2021.- Para la Secci\u00f3n 22 del Sindicato Nacional de Trabajadores de la Educaci\u00f3n (SNTE) la designaci\u00f3n de Heliodoro Carlos D\u00edaz Esc\u00e1rraga, como Secretario de Seguridad P\u00fablica de Oaxaca, es &#8220;un error&#8221;.<\/p>\n\n\n\n<p>Un d\u00eda despu\u00e9s de que el gobierno de Oaxaca anunciara la designaci\u00f3n de D\u00edaz Esc\u00e1rraga, el sindicato magisterial se pronunci\u00f3 en contra este viernes, al se\u00f1alarlo de complicidad durante las decisiones del gobierno estatal en el a\u00f1o 2006 ante el conflicto pol\u00edtico, social y magisterial, en la administraci\u00f3n del exgobernador Ulises Ruiz Ortiz.<\/p>\n\n\n\n<p>&#8220;Tras 15 a\u00f1os de la represi\u00f3n que dej\u00f3 muertos, c\u00e1rcel y persecuci\u00f3n, imponen en la Secretar\u00eda de Seguridad P\u00fablica a quien desde la pol\u00edtica interna del estado en la Secretar\u00eda General de Gobierno particip\u00f3 en el fallido desalojo y la agresi\u00f3n a los oaxaque\u00f1os&#8221;, se\u00f1al\u00f3 la Secci\u00f3n 22.<\/p>\n\n\n\n<p>Se opone a tal designaci\u00f3n y acusa que la administraci\u00f3n p\u00fablica del estado es usada para atender intereses &#8216;ulisistas&#8217; a fin de posicionar a funcionarios en el gobierno estatal para actos &#8216;represivos&#8217; en contra del magisterio.<\/p>\n\n\n\n<p>Insisti\u00f3, adem\u00e1s, en la aplicaci\u00f3n de la justicia a 15 a\u00f1os del conflicto de 2006 entre la Secci\u00f3n 22 y el entonces gobernador Ulises Ruiz Ortiz.<\/p>\n\n\n\n<p>&#8220;Las caravanas de la muerte, los asesinatos, el encarcelamiento y persecuci\u00f3n, no quedar\u00e1n impunes a pesar de los a\u00f1os\u2026 Decimos no a Ulises Ruiz Ortiz y sus c\u00f3mplices para quienes exigimos c\u00e1rcel y castigo&#8221;, reiter\u00f3 el gremio. <\/p>\n\n\n\n<p>Heliodoro D\u00edaz Esc\u00e1rraga, excoordinador de Protecci\u00f3n Civil, fue designado el jueves secretario de Seguridad P\u00fablica de Oaxaca, en sustituci\u00f3n de Ernesto Salcedo. <\/p>\n\n\n\n<p>Su designaci\u00f3n ocurre a casi dos semanas de que concluyera el paro laboral de la Polic\u00eda Estatal, quien durante nueve d\u00edas suspendi\u00f3 actividades para exigir mejoras laborales y la destituci\u00f3n de funcionarios, incluyendo la del titular de la Secretar\u00eda de Seguridad P\u00fablica. <\/p>\n","protected":false},"excerpt":{"rendered":"<p>Oaxaca de Ju\u00e1rez, Oax. 9 de abril de 2021.- Para la Secci\u00f3n 22 del Sindicato Nacional de Trabajadores de la Educaci\u00f3n (SNTE) la designaci\u00f3n de Heliodoro Carlos D\u00edaz Esc\u00e1rraga, como Secretario de Seguridad P\u00fablica de Oaxaca, es &#8220;un error&#8221;. Un d\u00eda despu\u00e9s de que el gobierno de Oaxaca anunciara la designaci\u00f3n de D\u00edaz Esc\u00e1rraga, el&#8230;<\/p>\n","protected":false},"author":4,"featured_media":7126,"comment_status":"closed","ping_status":"closed","sticky":false,"template":"","format":"standard","meta":{"footnotes":""},"categories":[49],"tags":[],"class_list":["post-7125","post","type-post","status-publish","format-standard","has-post-thumbnail","hentry","category-titulares"],"_links":{"self":[{"href":"https:\/\/fdnoaxaca.net\/index.php\/wp-json\/wp\/v2\/posts\/7125","targetHints":{"allow":["GET"]}}],"collection":[{"href":"https:\/\/fdnoaxaca.net\/index.php\/wp-json\/wp\/v2\/posts"}],"about":[{"href":"https:\/\/fdnoaxaca.net\/index.php\/wp-json\/wp\/v2\/types\/post"}],"author":[{"embeddable":true,"href":"https:\/\/fdnoaxaca.net\/index.php\/wp-json\/wp\/v2\/users\/4"}],"replies":[{"embeddable":true,"href":"https:\/\/fdnoaxaca.net\/index.php\/wp-json\/wp\/v2\/comments?post=7125"}],"version-history":[{"count":1,"href":"https:\/\/fdnoaxaca.net\/index.php\/wp-json\/wp\/v2\/posts\/7125\/revisions"}],"predecessor-version":[{"id":7127,"href":"https:\/\/fdnoaxaca.net\/index.php\/wp-json\/wp\/v2\/posts\/7125\/revisions\/7127"}],"wp:featuredmedia":[{"embeddable":true,"href":"https:\/\/fdnoaxaca.net\/index.php\/wp-json\/wp\/v2\/media\/7126"}],"wp:attachment":[{"href":"https:\/\/fdnoaxaca.net\/index.php\/wp-json\/wp\/v2\/media?parent=7125"}],"wp:term":[{"taxonomy":"category","embeddable":true,"href":"https:\/\/fdnoaxaca.net\/index.php\/wp-json\/wp\/v2\/categories?post=7125"},{"taxonomy":"post_tag","embeddable":true,"href":"https:\/\/fdnoaxaca.net\/index.php\/wp-json\/wp\/v2\/tags?post=7125"}],"curies":[{"name":"wp","href":"https:\/\/api.w.org\/{rel}","templated":true}]}}