{"id":7128,"date":"2021-04-10T01:31:48","date_gmt":"2021-04-10T01:31:48","guid":{"rendered":"https:\/\/fdnoaxaca.net\/?p=7128"},"modified":"2021-04-10T01:31:52","modified_gmt":"2021-04-10T01:31:52","slug":"en-medio-de-repunte-de-casos-de-covid-19-oaxaca-transita-a-semaforo-verde","status":"publish","type":"post","link":"https:\/\/fdnoaxaca.net\/index.php\/2021\/04\/10\/en-medio-de-repunte-de-casos-de-covid-19-oaxaca-transita-a-semaforo-verde\/","title":{"rendered":"En medio de repunte de casos de Covid-19, Oaxaca transita a sem\u00e1foro verde"},"content":{"rendered":"\n<p> Oaxaca de Ju\u00e1rez, Oax. 9 de abril de 2021.- Por primera vez, y a un a\u00f1o del confinamiento, el estado de Oaxaca pasar\u00e1 a color verde en el sem\u00e1foro epidemiol\u00f3gico de riesgo por Covid-19, a partir del lunes 12 de abril.<\/p>\n\n\n\n<p>Este viernes, cuando el estado registr\u00f3 en las \u00faltimas 24 horas, 186 casos nuevos de contagio de Covid-19, y 44 fallecimientos m\u00e1s, el gobernador Alejandro Murat Hinojosa confirm\u00f3 que Oaxaca transita al &#8216;nivel bajo&#8217; de contagio en el sem\u00e1foro epidemiol\u00f3gico.<\/p>\n\n\n\n<p>&#8220;El Consejo de Salubridad Federal determin\u00f3 que el estado transite a verde&#8221;, indic\u00f3 en un mensaje dirigido a la poblaci\u00f3n.<\/p>\n\n\n\n<p>Consider\u00f3 que esta determinaci\u00f3n ocurre luego de que la sociedad supuestamente ha sido &#8220;responsable&#8221; ante la emergencia, siguiendo las medidas de prevenci\u00f3n como el quedarse en casa.<\/p>\n\n\n\n<p>&#8220;Ante esta nueva etapa los invito a que redoblemos esfuerzos para que podamos mantener los niveles de ocupaci\u00f3n hospitalaria que hoy se encuentra en 24 por ciento, y sigamos reduciendo el n\u00famero de contagios&#8221;, declar\u00f3.<\/p>\n\n\n\n<p>Asimismo, reconoci\u00f3 al personal de salud que atiende desde hace un a\u00f1o a las personas contagiadas de coronavirus. Y, respecto del proceso de vacunaci\u00f3n, prev\u00e9 que dentro de 15 d\u00edas concluir\u00eda la aplicaci\u00f3n de la primera dosis de la vacuna experimental contra Covid-19 a los adultos mayores del estado.<\/p>\n\n\n\n<p>La vigencia del sem\u00e1foro verde para Oaxaca es del 12 al 25 de abril.<\/p>\n\n\n\n<p>De acuerdo con los Servicios de Salud de Oaxaca, este viernes el estado registr\u00f3 186 casos nuevos de contagio de Covid-19 y 44 fallecimientos m\u00e1s a causa del virus.<\/p>\n\n\n\n<p>A poco m\u00e1s de un a\u00f1o del primer caso confirmado, Oaxaca acumula 44 mil 518 casos de contagio, de los cuales, 40 mil 813 personas se han recuperado y tres mil 322 han fallecido.<\/p>\n","protected":false},"excerpt":{"rendered":"<p>Oaxaca de Ju\u00e1rez, Oax. 9 de abril de 2021.- Por primera vez, y a un a\u00f1o del confinamiento, el estado de Oaxaca pasar\u00e1 a color verde en el sem\u00e1foro epidemiol\u00f3gico de riesgo por Covid-19, a partir del lunes 12 de abril. Este viernes, cuando el estado registr\u00f3 en las \u00faltimas 24 horas, 186 casos nuevos&#8230;<\/p>\n","protected":false},"author":4,"featured_media":7129,"comment_status":"closed","ping_status":"closed","sticky":false,"template":"","format":"standard","meta":{"footnotes":""},"categories":[49],"tags":[],"class_list":["post-7128","post","type-post","status-publish","format-standard","has-post-thumbnail","hentry","category-titulares"],"_links":{"self":[{"href":"https:\/\/fdnoaxaca.net\/index.php\/wp-json\/wp\/v2\/posts\/7128","targetHints":{"allow":["GET"]}}],"collection":[{"href":"https:\/\/fdnoaxaca.net\/index.php\/wp-json\/wp\/v2\/posts"}],"about":[{"href":"https:\/\/fdnoaxaca.net\/index.php\/wp-json\/wp\/v2\/types\/post"}],"author":[{"embeddable":true,"href":"https:\/\/fdnoaxaca.net\/index.php\/wp-json\/wp\/v2\/users\/4"}],"replies":[{"embeddable":true,"href":"https:\/\/fdnoaxaca.net\/index.php\/wp-json\/wp\/v2\/comments?post=7128"}],"version-history":[{"count":1,"href":"https:\/\/fdnoaxaca.net\/index.php\/wp-json\/wp\/v2\/posts\/7128\/revisions"}],"predecessor-version":[{"id":7130,"href":"https:\/\/fdnoaxaca.net\/index.php\/wp-json\/wp\/v2\/posts\/7128\/revisions\/7130"}],"wp:featuredmedia":[{"embeddable":true,"href":"https:\/\/fdnoaxaca.net\/index.php\/wp-json\/wp\/v2\/media\/7129"}],"wp:attachment":[{"href":"https:\/\/fdnoaxaca.net\/index.php\/wp-json\/wp\/v2\/media?parent=7128"}],"wp:term":[{"taxonomy":"category","embeddable":true,"href":"https:\/\/fdnoaxaca.net\/index.php\/wp-json\/wp\/v2\/categories?post=7128"},{"taxonomy":"post_tag","embeddable":true,"href":"https:\/\/fdnoaxaca.net\/index.php\/wp-json\/wp\/v2\/tags?post=7128"}],"curies":[{"name":"wp","href":"https:\/\/api.w.org\/{rel}","templated":true}]}}