{"id":7134,"date":"2021-04-12T21:05:06","date_gmt":"2021-04-12T21:05:06","guid":{"rendered":"https:\/\/fdnoaxaca.net\/?p=7134"},"modified":"2021-04-12T21:05:09","modified_gmt":"2021-04-12T21:05:09","slug":"regreso-a-clases-presenciales-en-oaxaca-dependera-de-consenso-entre-padres-y-magisterio-ieepo","status":"publish","type":"post","link":"https:\/\/fdnoaxaca.net\/index.php\/2021\/04\/12\/regreso-a-clases-presenciales-en-oaxaca-dependera-de-consenso-entre-padres-y-magisterio-ieepo\/","title":{"rendered":"Regreso a clases presenciales en Oaxaca, depender\u00e1 de consenso entre padres y magisterio: IEEPO"},"content":{"rendered":"\n<p>Oaxaca de Ju\u00e1rez, Oax. 12 de abril de 2021.- En Oaxaca el regreso presencial a clases en educaci\u00f3n b\u00e1sica ser\u00e1 en consenso con el magisterio, padres de familia, tutores y autoridades municipales de la entidad, asegur\u00f3 el Instituto Estatal de Educaci\u00f3n P\u00fablica de Oaxaca (IEEPO).&nbsp;<\/p>\n\n\n\n<p>Este lunes inform\u00f3 que incluso cuando el Consejo de Salubridad General, haya otorgado sem\u00e1foro epidemiol\u00f3gico color verde al estado del 12 al 25 de abril, las actividades escolares continuar\u00e1n a distancia y en esta modalidad reinician este martes 13 de abril, al concluir el per\u00edodo vacacional de primavera y se haya realizado la sexta sesi\u00f3n del Consejo T\u00e9cnico Escolar (CTE) programada el lunes 12.<\/p>\n\n\n\n<p>Por parte de la autoridad educativa estatal, indic\u00f3, el proceso a seguir es llevar a cabo las valoraciones pertinentes en conjunto con las autoridades sanitarias y exista la plena seguridad de que no se corren riesgos en la salud tanto de los alumnos, como de las comunidades educativas en general.&nbsp;<\/p>\n\n\n\n<p>La autoridad educativa en la entidad reitera que en estos momentos la prioridad es proteger la salud y la vida de escolares, del personal educativo y sus familias.<\/p>\n\n\n\n<p>Oaxaca inici\u00f3 este lunes en sem\u00e1foro verde, sin embargo el estado ha registrado un aumento en los casos de contagio de Covid-19.&nbsp;<\/p>\n\n\n\n<p>De acuerdo con los Servicios de Salud, en la semana del 4 al 10 de abril se detect\u00f3 un incremento de 576 casos confirmados de Covid-19, en comparaci\u00f3n con la semana anterior, pasando de 316 a 892 casos reportados por semana.&nbsp;<\/p>\n\n\n\n<p>Debido a ello, la dependencia en salud advirti\u00f3 de una posible tercera ola de contagio de coronavirus en el estado.&nbsp;<br><\/p>\n","protected":false},"excerpt":{"rendered":"<p>Oaxaca de Ju\u00e1rez, Oax. 12 de abril de 2021.- En Oaxaca el regreso presencial a clases en educaci\u00f3n b\u00e1sica ser\u00e1 en consenso con el magisterio, padres de familia, tutores y autoridades municipales de la entidad, asegur\u00f3 el Instituto Estatal de Educaci\u00f3n P\u00fablica de Oaxaca (IEEPO).&nbsp; Este lunes inform\u00f3 que incluso cuando el Consejo de Salubridad&#8230;<\/p>\n","protected":false},"author":4,"featured_media":7135,"comment_status":"closed","ping_status":"closed","sticky":false,"template":"","format":"standard","meta":{"footnotes":""},"categories":[49],"tags":[],"class_list":["post-7134","post","type-post","status-publish","format-standard","has-post-thumbnail","hentry","category-titulares"],"_links":{"self":[{"href":"https:\/\/fdnoaxaca.net\/index.php\/wp-json\/wp\/v2\/posts\/7134","targetHints":{"allow":["GET"]}}],"collection":[{"href":"https:\/\/fdnoaxaca.net\/index.php\/wp-json\/wp\/v2\/posts"}],"about":[{"href":"https:\/\/fdnoaxaca.net\/index.php\/wp-json\/wp\/v2\/types\/post"}],"author":[{"embeddable":true,"href":"https:\/\/fdnoaxaca.net\/index.php\/wp-json\/wp\/v2\/users\/4"}],"replies":[{"embeddable":true,"href":"https:\/\/fdnoaxaca.net\/index.php\/wp-json\/wp\/v2\/comments?post=7134"}],"version-history":[{"count":1,"href":"https:\/\/fdnoaxaca.net\/index.php\/wp-json\/wp\/v2\/posts\/7134\/revisions"}],"predecessor-version":[{"id":7136,"href":"https:\/\/fdnoaxaca.net\/index.php\/wp-json\/wp\/v2\/posts\/7134\/revisions\/7136"}],"wp:featuredmedia":[{"embeddable":true,"href":"https:\/\/fdnoaxaca.net\/index.php\/wp-json\/wp\/v2\/media\/7135"}],"wp:attachment":[{"href":"https:\/\/fdnoaxaca.net\/index.php\/wp-json\/wp\/v2\/media?parent=7134"}],"wp:term":[{"taxonomy":"category","embeddable":true,"href":"https:\/\/fdnoaxaca.net\/index.php\/wp-json\/wp\/v2\/categories?post=7134"},{"taxonomy":"post_tag","embeddable":true,"href":"https:\/\/fdnoaxaca.net\/index.php\/wp-json\/wp\/v2\/tags?post=7134"}],"curies":[{"name":"wp","href":"https:\/\/api.w.org\/{rel}","templated":true}]}}