{"id":7155,"date":"2021-04-12T21:34:34","date_gmt":"2021-04-12T21:34:34","guid":{"rendered":"https:\/\/fdnoaxaca.net\/?p=7155"},"modified":"2021-04-12T21:34:38","modified_gmt":"2021-04-12T21:34:38","slug":"advierte-salud-de-posible-tercera-ola-de-contagio-de-covid-19-en-oaxaca","status":"publish","type":"post","link":"https:\/\/fdnoaxaca.net\/index.php\/2021\/04\/12\/advierte-salud-de-posible-tercera-ola-de-contagio-de-covid-19-en-oaxaca\/","title":{"rendered":"Advierte Salud de posible tercera ola de contagio de Covid-19 en Oaxaca"},"content":{"rendered":"\n<p>Oaxaca de Ju\u00e1rez, Oax. 12 de abril de 2021.- Luego del per\u00edodo vacacional de primavera, los Servicios de Salud de Oaxaca advierten de la posibilidad de una tercera ola de contagio de Covid-19 en el estado. <\/p>\n\n\n\n<p>Pese a que Oaxaca pas\u00f3 a color verde en el sem\u00e1foro epidemiol\u00f3gico de riesgo por Covid-19, el secretario de Salud, Juan Carlos M\u00e1rquez Heine, llam\u00f3 a la poblaci\u00f3n a reforzar las medidas sanitarias para evitar contagios. <\/p>\n\n\n\n<p>\u201cLo que significa que hemos transitado de manera gradual a un riesgo bajo de contagio por Covid-19.  Pero esta no es una condici\u00f3n que nos deba mantener confiados, pues el riesgo de enfermar sigue latente, y luego de las vacaciones de temporada podr\u00eda existir una tercera ola de contagios a causa de la enfermedad\u201d, se\u00f1al\u00f3. <\/p>\n\n\n\n<p>Asimismo, inform\u00f3, que durante los primeros d\u00edas posteriores a la primera semana de vacaciones, los casos confirmados por coronavirus han registrado un aumento importante en el n\u00famero de casos confirmados.<\/p>\n\n\n\n<p>De la semana del 4 al 10 de abril, se registr\u00f3 un incremento de 576 casos confirmados de Covid-19, en comparaci\u00f3n con la semana anterior, pasando de 316 a 892 casos reportados por semana. <\/p>\n\n\n\n<p>Por otra parte, la red hospitalaria para la atenci\u00f3n de pacientes con Covid-19 registr\u00f3 un ligero descenso de 0.3% en el n\u00famero de hospitalizados, en comparaci\u00f3n con la semana anterior, por lo que la ocupaci\u00f3n promedio es del 25.7%.<\/p>\n\n\n\n<p>M\u00e1rquez Heine, inform\u00f3 que con la llegada de las campa\u00f1as pol\u00edticas, los Servicios de Salud de Oaxaca recomiendan evitar actos masivos de personas en espacios cerrados con poca ventilaci\u00f3n, instalar filtros sanitarios, los cuales deber\u00e1n contar con toma de temperatura, aplicaci\u00f3n de gel antibacterial o \u00e1rea de lavado de manos. As\u00ed como realizar la desinfecci\u00f3n de art\u00edculos y espacios de uso com\u00fan, no ingerir alimentos durante la actividad, portar el cubrebocas de manera obligatoria y mantener una sana distancia de m\u00ednimo 1.5 metros.<\/p>\n\n\n\n<p>\u201cSolo actuando de manera responsable entre sociedad y gobierno, podemos transitar de manera gradual hacia la nueva normalidad. Recuerda que si te cuidas t\u00fa, nos cuidamos todos\u201d, declar\u00f3. <\/p>\n\n\n\n<p>Al corte del 11 de abril, Oaxaca acumul\u00f3 44 mil 639 casos positivos de Covid-19, de los cuales 40 mil 941 pacientes se han recuperado, mientras tres mil 327 han fallecido. <\/p>\n","protected":false},"excerpt":{"rendered":"<p>Oaxaca de Ju\u00e1rez, Oax. 12 de abril de 2021.- Luego del per\u00edodo vacacional de primavera, los Servicios de Salud de Oaxaca advierten de la posibilidad de una tercera ola de contagio de Covid-19 en el estado. Pese a que Oaxaca pas\u00f3 a color verde en el sem\u00e1foro epidemiol\u00f3gico de riesgo por Covid-19, el secretario de&#8230;<\/p>\n","protected":false},"author":4,"featured_media":6538,"comment_status":"closed","ping_status":"closed","sticky":false,"template":"","format":"standard","meta":{"footnotes":""},"categories":[49],"tags":[],"class_list":["post-7155","post","type-post","status-publish","format-standard","has-post-thumbnail","hentry","category-titulares"],"_links":{"self":[{"href":"https:\/\/fdnoaxaca.net\/index.php\/wp-json\/wp\/v2\/posts\/7155","targetHints":{"allow":["GET"]}}],"collection":[{"href":"https:\/\/fdnoaxaca.net\/index.php\/wp-json\/wp\/v2\/posts"}],"about":[{"href":"https:\/\/fdnoaxaca.net\/index.php\/wp-json\/wp\/v2\/types\/post"}],"author":[{"embeddable":true,"href":"https:\/\/fdnoaxaca.net\/index.php\/wp-json\/wp\/v2\/users\/4"}],"replies":[{"embeddable":true,"href":"https:\/\/fdnoaxaca.net\/index.php\/wp-json\/wp\/v2\/comments?post=7155"}],"version-history":[{"count":1,"href":"https:\/\/fdnoaxaca.net\/index.php\/wp-json\/wp\/v2\/posts\/7155\/revisions"}],"predecessor-version":[{"id":7156,"href":"https:\/\/fdnoaxaca.net\/index.php\/wp-json\/wp\/v2\/posts\/7155\/revisions\/7156"}],"wp:featuredmedia":[{"embeddable":true,"href":"https:\/\/fdnoaxaca.net\/index.php\/wp-json\/wp\/v2\/media\/6538"}],"wp:attachment":[{"href":"https:\/\/fdnoaxaca.net\/index.php\/wp-json\/wp\/v2\/media?parent=7155"}],"wp:term":[{"taxonomy":"category","embeddable":true,"href":"https:\/\/fdnoaxaca.net\/index.php\/wp-json\/wp\/v2\/categories?post=7155"},{"taxonomy":"post_tag","embeddable":true,"href":"https:\/\/fdnoaxaca.net\/index.php\/wp-json\/wp\/v2\/tags?post=7155"}],"curies":[{"name":"wp","href":"https:\/\/api.w.org\/{rel}","templated":true}]}}