{"id":7157,"date":"2021-04-13T00:02:03","date_gmt":"2021-04-13T00:02:03","guid":{"rendered":"https:\/\/fdnoaxaca.net\/?p=7157"},"modified":"2021-04-13T00:02:06","modified_gmt":"2021-04-13T00:02:06","slug":"ordena-teeo-nombrar-a-nuevo-comisionado-municipal-de-san-antonio-de-la-cal","status":"publish","type":"post","link":"https:\/\/fdnoaxaca.net\/index.php\/2021\/04\/13\/ordena-teeo-nombrar-a-nuevo-comisionado-municipal-de-san-antonio-de-la-cal\/","title":{"rendered":"Ordena TEEO nombrar a nuevo Comisionado municipal de San Antonio de la Cal"},"content":{"rendered":"\n<p>Oaxaca de Ju\u00e1rez, Oax. 12 de abril de 2021.- El Pleno del Tribunal Electoral del Estado de Oaxaca (TEEO) revoc\u00f3 el nombramiento del Comisionado municipal de San Antonio de la Cal, y orden\u00f3 al  Secretario General de Gobierno del estado de Oaxaca, nombre a otro ciudadano en este cargo, quien debe ser originario y habitante de ese municipio.<\/p>\n\n\n\n<p>En la sesi\u00f3n p\u00fablica realizada de manera presencial, a puerta cerrada, los magistrados argumentaron en el Juicio para la Protecci\u00f3n de los Derechos Pol\u00edtico Electorales de la Ciudadan\u00eda en el R\u00e9gimen de los Sistemas Normativos Internos, con clave JDCI\/31\/2021, que la persona que ha permanecido como Comisionado municipal de San Antonio de la Cal, supera el plazo m\u00e1ximo fijado por la Constituci\u00f3n del estado, y que corresponde a 60 d\u00edas naturales.<\/p>\n\n\n\n<p>Detallaron que desde el 14 de febrero de 2021 concluy\u00f3 el periodo de quien funge actualmente como Comisionado municipal.<\/p>\n\n\n\n<p>Por otro lado, en el Juicio para la Protecci\u00f3n de los Derechos Pol\u00edtico Electorales de la Ciudadan\u00eda en el R\u00e9gimen de Sistemas Normativos Internos, con clave JDCI\/65\/2020, este Tribunal declar\u00f3 la existencia de violencia pol\u00edtica en raz\u00f3n de g\u00e9nero contra la Presidenta municipal y la Regidora de Hacienda de San Bartolo Soyaltepec, cometida por el Regidor de Obras y el Suplente de la Regidur\u00eda de Hacienda de ese municipio.<\/p>\n\n\n\n<p>De los documentales p\u00fablicos y pruebas t\u00e9cnicas que obran en autos, se pudo constatar la existencia de los actos atribuidos a las autoridades responsables, tales como: discriminaci\u00f3n en reiteradas ocasiones; asimismo, agresiones f\u00edsica y verbalmente, amenazas e intimidaci\u00f3n; con la finalidad de que renuncien a sus cargos las denunciantes.<\/p>\n\n\n\n<p>En la sesi\u00f3n, el Pleno confirm\u00f3 los acuerdos del Instituto Estatal Electoral con n\u00fameros: IEEPCO-CG-SNI-66\/2020 y IEEPCO-CG-SNI-02\/2021; mediante los cuales se invalid\u00f3 la elecci\u00f3n de Presidente municipal de Tanetze de Zaragoza; y se valid\u00f3 una elecci\u00f3n extraordinaria posterior.<\/p>\n\n\n\n<p>Esta decisi\u00f3n se tom\u00f3 a trav\u00e9s del Juicio Electoral de los Sistemas Normativos Internos, identificado con la clave JNI\/02\/2021 y del Juicio para la Protecci\u00f3n de los Derechos Pol\u00edtico Electorales de la Ciudadan\u00eda en el R\u00e9gimen de Sistemas Normativos Internos, identificado con la clave JDCI\/20\/2021.<\/p>\n\n\n\n<p>En esta resoluci\u00f3n se determin\u00f3 que el Instituto Estatal Electoral realiz\u00f3 una correcta valoraci\u00f3n del sistema de elecci\u00f3n plasmado en el Bando de Polic\u00eda y Gobierno de Tanetze, as\u00ed como del dictamen emitido por la Direcci\u00f3n Ejecutiva de Sistemas Normativos Internos.<\/p>\n","protected":false},"excerpt":{"rendered":"<p>Oaxaca de Ju\u00e1rez, Oax. 12 de abril de 2021.- El Pleno del Tribunal Electoral del Estado de Oaxaca (TEEO) revoc\u00f3 el nombramiento del Comisionado municipal de San Antonio de la Cal, y orden\u00f3 al Secretario General de Gobierno del estado de Oaxaca, nombre a otro ciudadano en este cargo, quien debe ser originario y habitante&#8230;<\/p>\n","protected":false},"author":4,"featured_media":6469,"comment_status":"closed","ping_status":"closed","sticky":false,"template":"","format":"standard","meta":{"footnotes":""},"categories":[49],"tags":[],"class_list":["post-7157","post","type-post","status-publish","format-standard","has-post-thumbnail","hentry","category-titulares"],"_links":{"self":[{"href":"https:\/\/fdnoaxaca.net\/index.php\/wp-json\/wp\/v2\/posts\/7157","targetHints":{"allow":["GET"]}}],"collection":[{"href":"https:\/\/fdnoaxaca.net\/index.php\/wp-json\/wp\/v2\/posts"}],"about":[{"href":"https:\/\/fdnoaxaca.net\/index.php\/wp-json\/wp\/v2\/types\/post"}],"author":[{"embeddable":true,"href":"https:\/\/fdnoaxaca.net\/index.php\/wp-json\/wp\/v2\/users\/4"}],"replies":[{"embeddable":true,"href":"https:\/\/fdnoaxaca.net\/index.php\/wp-json\/wp\/v2\/comments?post=7157"}],"version-history":[{"count":1,"href":"https:\/\/fdnoaxaca.net\/index.php\/wp-json\/wp\/v2\/posts\/7157\/revisions"}],"predecessor-version":[{"id":7158,"href":"https:\/\/fdnoaxaca.net\/index.php\/wp-json\/wp\/v2\/posts\/7157\/revisions\/7158"}],"wp:featuredmedia":[{"embeddable":true,"href":"https:\/\/fdnoaxaca.net\/index.php\/wp-json\/wp\/v2\/media\/6469"}],"wp:attachment":[{"href":"https:\/\/fdnoaxaca.net\/index.php\/wp-json\/wp\/v2\/media?parent=7157"}],"wp:term":[{"taxonomy":"category","embeddable":true,"href":"https:\/\/fdnoaxaca.net\/index.php\/wp-json\/wp\/v2\/categories?post=7157"},{"taxonomy":"post_tag","embeddable":true,"href":"https:\/\/fdnoaxaca.net\/index.php\/wp-json\/wp\/v2\/tags?post=7157"}],"curies":[{"name":"wp","href":"https:\/\/api.w.org\/{rel}","templated":true}]}}