{"id":7194,"date":"2021-04-19T23:10:05","date_gmt":"2021-04-19T23:10:05","guid":{"rendered":"https:\/\/fdnoaxaca.net\/?p=7194"},"modified":"2021-04-19T23:10:19","modified_gmt":"2021-04-19T23:10:19","slug":"a-partir-del-28-de-abril-aplicaran-vacuna-contra-covid-19-a-personal-educativo","status":"publish","type":"post","link":"https:\/\/fdnoaxaca.net\/index.php\/2021\/04\/19\/a-partir-del-28-de-abril-aplicaran-vacuna-contra-covid-19-a-personal-educativo\/","title":{"rendered":"A partir del 28 de abril aplicar\u00e1n vacuna contra Covid-19 a personal educativo"},"content":{"rendered":"\n<p>Oaxaca de Ju\u00e1rez, Oax. 19 de abril de 2021.- En el estado, se prev\u00e9 la aplicaci\u00f3n de la vacuna experimental contra Covid-19 al personal educativo, del 28 de abril al 4 de mayo, inform\u00f3 el Instituto Estatal de Educaci\u00f3n P\u00fablica de Oaxaca (IEEPO).<\/p>\n\n\n\n<p>El organismo educativo inform\u00f3 que inici\u00f3 la coordinaci\u00f3n con las dependencias federales y estatales correspondientes para facilitar y agilizar el proceso de vacunaci\u00f3n al personal educativo del sector p\u00fablico y privado, que cuenten con Reconocimiento de Validez Oficial de Estudios (RVOE).<\/p>\n\n\n\n<p>En espec\u00edfico, el Instituto pondr\u00e1 a disposici\u00f3n de las instancias encargadas de la campa\u00f1a de vacunaci\u00f3n, la informaci\u00f3n que le sea requerida para el establecimiento de la log\u00edstica; en ese sentido, exhort\u00f3 a todo el personal educativo a estar atento de las indicaciones de sus directivos, supervisores y jefes de \u00e1rea, as\u00ed como de las que difundan las autoridades de salud.<\/p>\n\n\n\n<p>\u201cPor ello, para el planteamiento del posible regreso a las clases presenciales voluntario y paulatino, con previo consenso de la comunidad escolar y que involucrar\u00eda contacto no solo con alumnos, sino con padres, y poblaci\u00f3n en general, celebramos que se cuide al personal educativo para evitar la propagaci\u00f3n del virus\u201d, se\u00f1al\u00f3 el IEEPO.<\/p>\n\n\n\n<p>La estrategia contempla vacunar a los trabajadores de la educaci\u00f3n en Oaxaca, del 28 de abril al 4 de mayo, e incluye a personal tanto de escuelas p\u00fablicas como privadas.<\/p>\n\n\n\n<p>Actualmente el estado de Oaxaca se encuentra en color verde del sem\u00e1foro epidemiol\u00f3gico de riesgo por Covid-19.<\/p>\n","protected":false},"excerpt":{"rendered":"<p>Oaxaca de Ju\u00e1rez, Oax. 19 de abril de 2021.- En el estado, se prev\u00e9 la aplicaci\u00f3n de la vacuna experimental contra Covid-19 al personal educativo, del 28 de abril al 4 de mayo, inform\u00f3 el Instituto Estatal de Educaci\u00f3n P\u00fablica de Oaxaca (IEEPO). El organismo educativo inform\u00f3 que inici\u00f3 la coordinaci\u00f3n con las dependencias federales&#8230;<\/p>\n","protected":false},"author":4,"featured_media":7195,"comment_status":"closed","ping_status":"closed","sticky":false,"template":"","format":"standard","meta":{"footnotes":""},"categories":[49],"tags":[],"class_list":["post-7194","post","type-post","status-publish","format-standard","has-post-thumbnail","hentry","category-titulares"],"_links":{"self":[{"href":"https:\/\/fdnoaxaca.net\/index.php\/wp-json\/wp\/v2\/posts\/7194","targetHints":{"allow":["GET"]}}],"collection":[{"href":"https:\/\/fdnoaxaca.net\/index.php\/wp-json\/wp\/v2\/posts"}],"about":[{"href":"https:\/\/fdnoaxaca.net\/index.php\/wp-json\/wp\/v2\/types\/post"}],"author":[{"embeddable":true,"href":"https:\/\/fdnoaxaca.net\/index.php\/wp-json\/wp\/v2\/users\/4"}],"replies":[{"embeddable":true,"href":"https:\/\/fdnoaxaca.net\/index.php\/wp-json\/wp\/v2\/comments?post=7194"}],"version-history":[{"count":1,"href":"https:\/\/fdnoaxaca.net\/index.php\/wp-json\/wp\/v2\/posts\/7194\/revisions"}],"predecessor-version":[{"id":7196,"href":"https:\/\/fdnoaxaca.net\/index.php\/wp-json\/wp\/v2\/posts\/7194\/revisions\/7196"}],"wp:featuredmedia":[{"embeddable":true,"href":"https:\/\/fdnoaxaca.net\/index.php\/wp-json\/wp\/v2\/media\/7195"}],"wp:attachment":[{"href":"https:\/\/fdnoaxaca.net\/index.php\/wp-json\/wp\/v2\/media?parent=7194"}],"wp:term":[{"taxonomy":"category","embeddable":true,"href":"https:\/\/fdnoaxaca.net\/index.php\/wp-json\/wp\/v2\/categories?post=7194"},{"taxonomy":"post_tag","embeddable":true,"href":"https:\/\/fdnoaxaca.net\/index.php\/wp-json\/wp\/v2\/tags?post=7194"}],"curies":[{"name":"wp","href":"https:\/\/api.w.org\/{rel}","templated":true}]}}