{"id":7210,"date":"2021-04-21T22:49:01","date_gmt":"2021-04-21T22:49:01","guid":{"rendered":"https:\/\/fdnoaxaca.net\/?p=7210"},"modified":"2021-04-21T22:49:14","modified_gmt":"2021-04-21T22:49:14","slug":"valida-sala-xalapa-eleccion-extraordinaria-de-san-jorge-nuchita","status":"publish","type":"post","link":"https:\/\/fdnoaxaca.net\/index.php\/2021\/04\/21\/valida-sala-xalapa-eleccion-extraordinaria-de-san-jorge-nuchita\/","title":{"rendered":"Valida Sala Xalapa elecci\u00f3n extraordinaria de San Jorge Nuchita"},"content":{"rendered":"\n<p>Oaxaca de Ju\u00e1rez, Oax. 21 de abril de 2021.- El Pleno de la Sala Regional Xalapa del Tribunal Electoral del Poder Judicial de la Federaci\u00f3n (TEPJF) confirm\u00f3 la sentencia del Tribunal Electoral del Estado de Oaxaca (TEEO), la cual valida la elecci\u00f3n extraordinaria del municipio de San Jorge Nuchita.<\/p>\n\n\n\n<p>Dicha sentencia, a su vez, confirm\u00f3 el acuerdo SNI-42\/2020 del Consejo General del Instituto Estatal Electoral y de Participaci\u00f3n Ciudadana de la entidad federativa en menci\u00f3n (IEEPCO), que calific\u00f3 como jur\u00eddicamente v\u00e1lida la elecci\u00f3n extraordinaria de concejales del ayuntamiento de San Jorge Nuchita, municipio de la regi\u00f3n de la Mixteca.<\/p>\n\n\n\n<p>Los magistrados de la Sala estimaron que, como lo indicaron el TEEO y el IEEPCO, en la elecci\u00f3n extraordinaria celebrada el 4 de octubre de 2020 se privilegi\u00f3 la soluci\u00f3n de conflictos al interior de la comunidad, a trav\u00e9s de un procedimiento de elecci\u00f3n extraordinaria en el que no se acredit\u00f3 alguna irregularidad que pudiera impedir darle validez. <\/p>\n\n\n\n<p>Adem\u00e1s de que, contrario a lo se\u00f1alado por la parte actora, en los actos denunciados no se acredit\u00f3 la existencia de elementos que constituyeran violencia pol\u00edtica en raz\u00f3n de g\u00e9nero en su contra. De ah\u00ed que lo procedente fuera confirmar la elecci\u00f3n controvertida.  <\/p>\n\n\n\n<p>San Jorge Nuchita es un municipio perteneciente al distrito de Huajuapan de Le\u00f3n, en la regi\u00f3n de la Mixteca de Oaxaca.<\/p>\n","protected":false},"excerpt":{"rendered":"<p>Oaxaca de Ju\u00e1rez, Oax. 21 de abril de 2021.- El Pleno de la Sala Regional Xalapa del Tribunal Electoral del Poder Judicial de la Federaci\u00f3n (TEPJF) confirm\u00f3 la sentencia del Tribunal Electoral del Estado de Oaxaca (TEEO), la cual valida la elecci\u00f3n extraordinaria del municipio de San Jorge Nuchita. Dicha sentencia, a su vez, confirm\u00f3&#8230;<\/p>\n","protected":false},"author":4,"featured_media":7211,"comment_status":"closed","ping_status":"closed","sticky":false,"template":"","format":"standard","meta":{"footnotes":""},"categories":[4],"tags":[],"class_list":["post-7210","post","type-post","status-publish","format-standard","has-post-thumbnail","hentry","category-general"],"_links":{"self":[{"href":"https:\/\/fdnoaxaca.net\/index.php\/wp-json\/wp\/v2\/posts\/7210","targetHints":{"allow":["GET"]}}],"collection":[{"href":"https:\/\/fdnoaxaca.net\/index.php\/wp-json\/wp\/v2\/posts"}],"about":[{"href":"https:\/\/fdnoaxaca.net\/index.php\/wp-json\/wp\/v2\/types\/post"}],"author":[{"embeddable":true,"href":"https:\/\/fdnoaxaca.net\/index.php\/wp-json\/wp\/v2\/users\/4"}],"replies":[{"embeddable":true,"href":"https:\/\/fdnoaxaca.net\/index.php\/wp-json\/wp\/v2\/comments?post=7210"}],"version-history":[{"count":1,"href":"https:\/\/fdnoaxaca.net\/index.php\/wp-json\/wp\/v2\/posts\/7210\/revisions"}],"predecessor-version":[{"id":7212,"href":"https:\/\/fdnoaxaca.net\/index.php\/wp-json\/wp\/v2\/posts\/7210\/revisions\/7212"}],"wp:featuredmedia":[{"embeddable":true,"href":"https:\/\/fdnoaxaca.net\/index.php\/wp-json\/wp\/v2\/media\/7211"}],"wp:attachment":[{"href":"https:\/\/fdnoaxaca.net\/index.php\/wp-json\/wp\/v2\/media?parent=7210"}],"wp:term":[{"taxonomy":"category","embeddable":true,"href":"https:\/\/fdnoaxaca.net\/index.php\/wp-json\/wp\/v2\/categories?post=7210"},{"taxonomy":"post_tag","embeddable":true,"href":"https:\/\/fdnoaxaca.net\/index.php\/wp-json\/wp\/v2\/tags?post=7210"}],"curies":[{"name":"wp","href":"https:\/\/api.w.org\/{rel}","templated":true}]}}