{"id":7283,"date":"2021-04-26T17:43:01","date_gmt":"2021-04-26T17:43:01","guid":{"rendered":"https:\/\/fdnoaxaca.net\/?p=7283"},"modified":"2021-04-26T17:43:05","modified_gmt":"2021-04-26T17:43:05","slug":"dos-muertos-y-un-herido-saldo-preliminar-de-otro-enfrentamiento-en-sierra-sur","status":"publish","type":"post","link":"https:\/\/fdnoaxaca.net\/index.php\/2021\/04\/26\/dos-muertos-y-un-herido-saldo-preliminar-de-otro-enfrentamiento-en-sierra-sur\/","title":{"rendered":"Dos muertos y un herido, saldo preliminar de otro enfrentamiento en Sierra Sur"},"content":{"rendered":"\n<p>Oaxaca de Ju\u00e1rez, Oax. 26 de abril de 2021.- Dos personas muertas y un herido, es el saldo preliminar de otro enfrentamiento armado ocurrido la madrugada de este lunes en Sola de Vega, en la regi\u00f3n de la Sierra Sur de Oaxaca.<\/p>\n\n\n\n<p>De acuerdo con la Fiscal\u00eda General de Justicia del estado, la gresca ocurri\u00f3 la madrugada de este 26 de abril entre pobladores de la comunidad de Rancho Viejo, perteneciente al municipio de Sola de Vega, y habitantes de San Vicente Coatl\u00e1n, presuntamente por un conflicto agrario.<\/p>\n\n\n\n<p>De manera preliminar, inform\u00f3, el saldo es de dos hombres muertos y otro herido. Al lugar, fueron enviados peritos, agentes estatales de investigaci\u00f3n y personal del Ministerio P\u00fablico, para las diligencias correspondientes y esclarecer el hecho.<\/p>\n\n\n\n<p>Con este hecho violento son ya dos enfrentamientos armados ocurridos en menos de tres d\u00edas en jurisdicci\u00f3n de Sola de Vega, donde la semana anterior fue aprobada por el Congreso de Oaxaca la desaparici\u00f3n de poderes en este municipio de la Sierra Sur.<\/p>\n\n\n\n<p>Por la gresca ocurrida la tarde del viernes 23 de este mes, seis personas murieron y tres m\u00e1s resultaron heridas. <\/p>\n\n\n\n<p>Los hechos sucedieron en inmediaciones de la rancher\u00eda &#8220;El Guayabo&#8221;, en Sola de Vega, en donde se enfrentaron habitantes de esta comunidad con los de la localidad de Santa Mar\u00eda Sola. <\/p>\n\n\n\n<p>Por ambos casos, la Fiscal\u00eda General de Justicia inici\u00f3 las investigaciones por los delitos de homicidio doloso y lesiones calificadas.<\/p>\n","protected":false},"excerpt":{"rendered":"<p>Oaxaca de Ju\u00e1rez, Oax. 26 de abril de 2021.- Dos personas muertas y un herido, es el saldo preliminar de otro enfrentamiento armado ocurrido la madrugada de este lunes en Sola de Vega, en la regi\u00f3n de la Sierra Sur de Oaxaca. De acuerdo con la Fiscal\u00eda General de Justicia del estado, la gresca ocurri\u00f3&#8230;<\/p>\n","protected":false},"author":4,"featured_media":7284,"comment_status":"closed","ping_status":"closed","sticky":false,"template":"","format":"standard","meta":{"footnotes":""},"categories":[49],"tags":[],"class_list":["post-7283","post","type-post","status-publish","format-standard","has-post-thumbnail","hentry","category-titulares"],"_links":{"self":[{"href":"https:\/\/fdnoaxaca.net\/index.php\/wp-json\/wp\/v2\/posts\/7283","targetHints":{"allow":["GET"]}}],"collection":[{"href":"https:\/\/fdnoaxaca.net\/index.php\/wp-json\/wp\/v2\/posts"}],"about":[{"href":"https:\/\/fdnoaxaca.net\/index.php\/wp-json\/wp\/v2\/types\/post"}],"author":[{"embeddable":true,"href":"https:\/\/fdnoaxaca.net\/index.php\/wp-json\/wp\/v2\/users\/4"}],"replies":[{"embeddable":true,"href":"https:\/\/fdnoaxaca.net\/index.php\/wp-json\/wp\/v2\/comments?post=7283"}],"version-history":[{"count":1,"href":"https:\/\/fdnoaxaca.net\/index.php\/wp-json\/wp\/v2\/posts\/7283\/revisions"}],"predecessor-version":[{"id":7285,"href":"https:\/\/fdnoaxaca.net\/index.php\/wp-json\/wp\/v2\/posts\/7283\/revisions\/7285"}],"wp:featuredmedia":[{"embeddable":true,"href":"https:\/\/fdnoaxaca.net\/index.php\/wp-json\/wp\/v2\/media\/7284"}],"wp:attachment":[{"href":"https:\/\/fdnoaxaca.net\/index.php\/wp-json\/wp\/v2\/media?parent=7283"}],"wp:term":[{"taxonomy":"category","embeddable":true,"href":"https:\/\/fdnoaxaca.net\/index.php\/wp-json\/wp\/v2\/categories?post=7283"},{"taxonomy":"post_tag","embeddable":true,"href":"https:\/\/fdnoaxaca.net\/index.php\/wp-json\/wp\/v2\/tags?post=7283"}],"curies":[{"name":"wp","href":"https:\/\/api.w.org\/{rel}","templated":true}]}}