{"id":7306,"date":"2021-04-27T23:32:07","date_gmt":"2021-04-27T23:32:07","guid":{"rendered":"https:\/\/fdnoaxaca.net\/?p=7306"},"modified":"2021-04-27T23:32:20","modified_gmt":"2021-04-27T23:32:20","slug":"adelantan-vacunacion-contra-covid-19-a-personal-docente-de-oaxaca","status":"publish","type":"post","link":"https:\/\/fdnoaxaca.net\/index.php\/2021\/04\/27\/adelantan-vacunacion-contra-covid-19-a-personal-docente-de-oaxaca\/","title":{"rendered":"Adelantan vacunaci\u00f3n contra Covid-19 a personal docente de Oaxaca"},"content":{"rendered":"\n<p>Oaxaca de Ju\u00e1rez, Oax. 27 de abril de 2021.- La aplicaci\u00f3n de la vacuna contra Covid-19 al personal docente de Oaxaca fue adelantada, por lo que inici\u00f3 este martes.<\/p>\n\n\n\n<p>Durante la conferencia matutina del presidente Andr\u00e9s Manuel L\u00f3pez Obrador, el gobernador de Oaxaca, Alejandro Murat Hinojosa, inform\u00f3 que se aplicar\u00e1n 117 mil 333 dosis al personal que labora en los centros educativos p\u00fablicos y privados de la entidad .<\/p>\n\n\n\n<p>Este martes la jornada de vacunaci\u00f3n inici\u00f3 en el Centro de Convenciones, en Santa Luc\u00eda del Camino, uno de los 22 centros de vacunaci\u00f3n instalados en el estado, misma que estaba programada para empezar el 28 de este mes.<\/p>\n\n\n\n<p>A partir de este martes y hasta el lunes 3 de mayo, se vacunar\u00e1n a docentes de educaci\u00f3n inicial, media y superior de la entidad, con el apoyo de mil 92 elementos, de los cuales 340 pertenecen a la Guardia Nacional, 22 son Coordinadores de Centros de vacunaci\u00f3n, 730 conforman las Brigadas Correcaminos y delegados Bienestar. <\/p>\n\n\n\n<p>\u201cOaxaca hoy est\u00e1 de fiesta se\u00f1or Presidente, desde el municipio de Santa Luc\u00eda estamos dando este primer paso para regresar a esta \u2018nueva normalidad\u2019 con las ni\u00f1as y ni\u00f1os de la entidad en el sector educativo. Este es un gran paso para Oaxaca\u201d, expres\u00f3 Murat Hinojosa.<\/p>\n\n\n\n<p>Por su parte, el Presidente de M\u00e9xico, desde Palacio Nacional, agradeci\u00f3 el apoyo del personal m\u00e9dico, que ha trabajado por m\u00e1s de un a\u00f1o para atender y hacer frente a la pandemia y, ahora, contribuyendo con el Plan Nacional de Vacunaci\u00f3n. Tambi\u00e9n hizo un reconocimiento a las autoridades municipales, estatales y federales. \u201cEs una labor que estamos haciendo en conjunto, muchas gracias\u201d, indic\u00f3.<\/p>\n\n\n\n<p>Se\u00f1al\u00f3 que debido a que en M\u00e9xico se envasa el biol\u00f3gico CanSino, existe la disponibilidad suficiente para llevar a cabo la vacunaci\u00f3n del personal educativo del pa\u00eds, entre ellos el de Oaxaca, con esta vacuna de una sola dosis.<\/p>\n\n\n\n<p>Se prev\u00e9 en Oaxaca la aplicaci\u00f3n de la vacuna en promedio diario de 29 mil 333 dosis.<\/p>\n\n\n\n<p>En su oportunidad, el subsecretario de Educaci\u00f3n Superior, Luciano Concheiro B\u00f3rquez, se\u00f1al\u00f3 que la vacunaci\u00f3n representa un paso fundamental para la \u2018nueva normalidad\u2019 y retornar a las clases presenciales y con ello continuar con el proceso educativo del pa\u00eds.<\/p>\n\n\n\n<p>Los centros de vacunaci\u00f3n en la entidad se ubican en los siguientes puntos: en la ciudad capital en el estadio de f\u00fatbol del Instituto Tecnol\u00f3gico de Oaxaca, en el Centro de Convenciones de Oaxaca, en la Preparatoria n\u00famero 7, y en el Polideportivo Venustiano Carranza.<\/p>\n\n\n\n<p>En la regi\u00f3n de los Valles Centrales en la Escuela Secundaria T\u00e9cnica n\u00famero 48 de Tlacolula de Matamoros; y en el Auditorio Municipal de San Pedro y Pablo Ayutla. En la regi\u00f3n del Istmo en la Escuela Secundaria T\u00e9cnica n\u00famero 5 de Mat\u00edas Romero; en la Escuela Secundaria T\u00e9cnica n\u00famero 27 de Ciudad Ixtepec; y en la Escuela Secundaria General Heliodoro Charis Castro de Juchit\u00e1n de Zaragoza.<\/p>\n\n\n\n<p>En la Mixteca, en la Escuela Secundaria Federal Licenciado Benito Ju\u00e1rez de Huajuapan de Le\u00f3n; en el CBTa 131 de Santiago Juxtlahuaca; y en el Deportivo Luis Vega de Tlaxiaco. En la Costa en la Casa Ejidal de Putla Villa de Guerrero; en la Unidad Deportiva de San Pedro Pochutla; en el Centro Ganadero de Pinotepa Nacional; as\u00ed como en la explanada municipal de Puerto Escondido.<\/p>\n\n\n\n<p>En la regi\u00f3n de la Sierra Norte en la Escuela Secundaria Misi\u00f3n Cultural n\u00famero 9 en Ixtl\u00e1n de Ju\u00e1rez; y en Sierra Sur, en la Escuela Primaria Urbana Federal Hermenegildo Galeana de Miahuatl\u00e1n de Porfirio D\u00edaz; y en la regi\u00f3n de la Cuenca se instalar\u00e1 en la Escuela Primaria Justo Sierra de Loma Bonita; y en el Recinto Ferial de San Juan Bautista Tuxtepec.<\/p>\n\n\n\n<p>En la Ca\u00f1ada, en el Deportivo Municipal de Teotitl\u00e1n de Flores Mag\u00f3n; y de igual manera en Huautla de Jim\u00e9nez.<\/p>\n","protected":false},"excerpt":{"rendered":"<p>Oaxaca de Ju\u00e1rez, Oax. 27 de abril de 2021.- La aplicaci\u00f3n de la vacuna contra Covid-19 al personal docente de Oaxaca fue adelantada, por lo que inici\u00f3 este martes. Durante la conferencia matutina del presidente Andr\u00e9s Manuel L\u00f3pez Obrador, el gobernador de Oaxaca, Alejandro Murat Hinojosa, inform\u00f3 que se aplicar\u00e1n 117 mil 333 dosis al&#8230;<\/p>\n","protected":false},"author":4,"featured_media":7307,"comment_status":"closed","ping_status":"closed","sticky":false,"template":"","format":"standard","meta":{"footnotes":""},"categories":[49],"tags":[],"class_list":["post-7306","post","type-post","status-publish","format-standard","has-post-thumbnail","hentry","category-titulares"],"_links":{"self":[{"href":"https:\/\/fdnoaxaca.net\/index.php\/wp-json\/wp\/v2\/posts\/7306","targetHints":{"allow":["GET"]}}],"collection":[{"href":"https:\/\/fdnoaxaca.net\/index.php\/wp-json\/wp\/v2\/posts"}],"about":[{"href":"https:\/\/fdnoaxaca.net\/index.php\/wp-json\/wp\/v2\/types\/post"}],"author":[{"embeddable":true,"href":"https:\/\/fdnoaxaca.net\/index.php\/wp-json\/wp\/v2\/users\/4"}],"replies":[{"embeddable":true,"href":"https:\/\/fdnoaxaca.net\/index.php\/wp-json\/wp\/v2\/comments?post=7306"}],"version-history":[{"count":1,"href":"https:\/\/fdnoaxaca.net\/index.php\/wp-json\/wp\/v2\/posts\/7306\/revisions"}],"predecessor-version":[{"id":7308,"href":"https:\/\/fdnoaxaca.net\/index.php\/wp-json\/wp\/v2\/posts\/7306\/revisions\/7308"}],"wp:featuredmedia":[{"embeddable":true,"href":"https:\/\/fdnoaxaca.net\/index.php\/wp-json\/wp\/v2\/media\/7307"}],"wp:attachment":[{"href":"https:\/\/fdnoaxaca.net\/index.php\/wp-json\/wp\/v2\/media?parent=7306"}],"wp:term":[{"taxonomy":"category","embeddable":true,"href":"https:\/\/fdnoaxaca.net\/index.php\/wp-json\/wp\/v2\/categories?post=7306"},{"taxonomy":"post_tag","embeddable":true,"href":"https:\/\/fdnoaxaca.net\/index.php\/wp-json\/wp\/v2\/tags?post=7306"}],"curies":[{"name":"wp","href":"https:\/\/api.w.org\/{rel}","templated":true}]}}