{"id":7309,"date":"2021-04-28T02:08:12","date_gmt":"2021-04-28T02:08:12","guid":{"rendered":"https:\/\/fdnoaxaca.net\/?p=7309"},"modified":"2021-04-28T02:08:35","modified_gmt":"2021-04-28T02:08:35","slug":"por-primera-vez-nombran-a-una-mujer-edil-suplente-en-san-mateo-del-mar","status":"publish","type":"post","link":"https:\/\/fdnoaxaca.net\/index.php\/2021\/04\/28\/por-primera-vez-nombran-a-una-mujer-edil-suplente-en-san-mateo-del-mar\/","title":{"rendered":"Por primera vez, nombran a una mujer edil suplente en San Mateo del Mar"},"content":{"rendered":"\n<p>Oaxaca de Ju\u00e1rez, Oax. 27 de abril de 2021.- Por primera vez, en San Mateo del Mar fue designada una mujer como suplente de edil en este municipio de la regi\u00f3n del Istmo de Tehuantepec.<\/p>\n\n\n\n<p>La asamblea comunitaria de este municipio eligi\u00f3 el 18 de abril a Rosa Inelia Valle Infanz\u00f3n, de 32 a\u00f1os, como suplente a la presidencia municipal del Consejo Ind\u00edgena Ikoots de Administraci\u00f3n Municipal 2020-2021.<\/p>\n\n\n\n<p>La mujer, ama de casa y comerciante adem\u00e1s, rindi\u00f3 protesta del cargo y asegur\u00f3 que velar\u00e1 junto con el mun\u00edcipe Juan Cepeda Victoria, por los derechos humanos, territoriales y culturales de su comunidad.<\/p>\n\n\n\n<p>El 18 de abril, convocados por la alcald\u00eda municipal de San Mateo del Mar y el Concejo Municipal, terminaron anticipadamente el mandato de concejales. <\/p>\n\n\n\n<p>Ning\u00fan concejal se present\u00f3 a la audiencia comunitaria, por lo que la asamblea declar\u00f3 el fin anticipado del mandato de los integrantes del ayuntamiento de San Mateo del Mar, y en su lugar, nombr\u00f3 a un Consejo Ind\u00edgena Ikoots de Administraci\u00f3n Municipal.<\/p>\n\n\n\n<p>Adem\u00e1s de Rosa Inelia Valle Infanz\u00f3n, se eligieron a cuatro mujeres m\u00e1s para integrar el consejo como titulares en la Regidur\u00eda de Educaci\u00f3n y como suplentes en la Regidur\u00eda de Cultura, Regidur\u00eda de Vialidad y Transporte. En total son cinco las mujeres que integran el Consejo Ikoots de Administraci\u00f3n Municipal, frente un total de 25 hombres que ocupan las titularidades y suplencias de las regidur\u00edas.<\/p>\n\n\n\n<p>Tras ello, la asamblea solicita al Instituto Estatal Electoral y de Participaci\u00f3n Ciudadana de Oaxaca (IEEPCO) el reconocimiento de sus nuevas autoridades.<\/p>\n","protected":false},"excerpt":{"rendered":"<p>Oaxaca de Ju\u00e1rez, Oax. 27 de abril de 2021.- Por primera vez, en San Mateo del Mar fue designada una mujer como suplente de edil en este municipio de la regi\u00f3n del Istmo de Tehuantepec. La asamblea comunitaria de este municipio eligi\u00f3 el 18 de abril a Rosa Inelia Valle Infanz\u00f3n, de 32 a\u00f1os, como&#8230;<\/p>\n","protected":false},"author":4,"featured_media":7310,"comment_status":"closed","ping_status":"closed","sticky":false,"template":"","format":"standard","meta":{"footnotes":""},"categories":[4],"tags":[],"class_list":["post-7309","post","type-post","status-publish","format-standard","has-post-thumbnail","hentry","category-general"],"_links":{"self":[{"href":"https:\/\/fdnoaxaca.net\/index.php\/wp-json\/wp\/v2\/posts\/7309","targetHints":{"allow":["GET"]}}],"collection":[{"href":"https:\/\/fdnoaxaca.net\/index.php\/wp-json\/wp\/v2\/posts"}],"about":[{"href":"https:\/\/fdnoaxaca.net\/index.php\/wp-json\/wp\/v2\/types\/post"}],"author":[{"embeddable":true,"href":"https:\/\/fdnoaxaca.net\/index.php\/wp-json\/wp\/v2\/users\/4"}],"replies":[{"embeddable":true,"href":"https:\/\/fdnoaxaca.net\/index.php\/wp-json\/wp\/v2\/comments?post=7309"}],"version-history":[{"count":1,"href":"https:\/\/fdnoaxaca.net\/index.php\/wp-json\/wp\/v2\/posts\/7309\/revisions"}],"predecessor-version":[{"id":7311,"href":"https:\/\/fdnoaxaca.net\/index.php\/wp-json\/wp\/v2\/posts\/7309\/revisions\/7311"}],"wp:featuredmedia":[{"embeddable":true,"href":"https:\/\/fdnoaxaca.net\/index.php\/wp-json\/wp\/v2\/media\/7310"}],"wp:attachment":[{"href":"https:\/\/fdnoaxaca.net\/index.php\/wp-json\/wp\/v2\/media?parent=7309"}],"wp:term":[{"taxonomy":"category","embeddable":true,"href":"https:\/\/fdnoaxaca.net\/index.php\/wp-json\/wp\/v2\/categories?post=7309"},{"taxonomy":"post_tag","embeddable":true,"href":"https:\/\/fdnoaxaca.net\/index.php\/wp-json\/wp\/v2\/tags?post=7309"}],"curies":[{"name":"wp","href":"https:\/\/api.w.org\/{rel}","templated":true}]}}