{"id":7324,"date":"2021-04-28T22:31:48","date_gmt":"2021-04-28T22:31:48","guid":{"rendered":"https:\/\/fdnoaxaca.net\/?p=7324"},"modified":"2021-04-28T22:31:51","modified_gmt":"2021-04-28T22:31:51","slug":"estiman-vacunar-contra-covid-19-a-117-mil-trabajadores-de-la-educacion-en-oaxaca","status":"publish","type":"post","link":"https:\/\/fdnoaxaca.net\/index.php\/2021\/04\/28\/estiman-vacunar-contra-covid-19-a-117-mil-trabajadores-de-la-educacion-en-oaxaca\/","title":{"rendered":"Estiman vacunar contra Covid-19 a 117 mil trabajadores de la educaci\u00f3n en Oaxaca"},"content":{"rendered":"\n<p>Oaxaca de Ju\u00e1rez, Oax. 28 de abril de 2021.- En Oaxaca, este mi\u00e9rcoles se desarroll\u00f3 la jornada de vacunaci\u00f3n contra el Covid-19 para el personal del sector educativo de la entidad, tanto p\u00fablico como privado.<\/p>\n\n\n\n<p>De acuerdo con los Servicios de Salud, se tiene como meta vacunar a m\u00e1s de 117 mil profesores de educaci\u00f3n preescolar, primaria, secundaria, media superior y superior de todo el estado.<\/p>\n\n\n\n<p>El proceso se lleva a cabo en un horario de 8:00 a 18:00 horas, con la aplicaci\u00f3n de una sola dosis del laboratorio CanSino Biologics Inc.<\/p>\n\n\n\n<p>Enfatiz\u00f3 que, de manera coordinada, el personal del sector salud, del Instituto Estatal de Educaci\u00f3n P\u00fablica de Oaxaca (IEEPO) y la Guardia Nacional trabajan en conjunto para generar condiciones de orden, tranquilidad y fluidez en el proceso de vacunaci\u00f3n, por lo que, destac\u00f3 que durante las primeras horas de inicio de la jornada, ya se tiene un avance significativo en la aplicaci\u00f3n de la vacuna experimental.<\/p>\n\n\n\n<p>La instituci\u00f3n dio a conocer que en los 22 centros de vacunaci\u00f3n instalados en todo el estado, se encuentra personal del sector salud calificado encargado de aplicar la vacuna y monitorear a las personas despu\u00e9s del proceso, adem\u00e1s de contar con una ambulancia de traslado a una unidad hospitalaria, en caso de ser necesario.<\/p>\n\n\n\n<p>La dependencia exhort\u00f3 a los docentes que, al acudir a los puestos de vacunaci\u00f3n, apliquen en todo momento las medidas sanitarias como son el uso correcto del cubrebocas, mantener la sana distancia y el uso de alcohol en gel.<\/p>\n","protected":false},"excerpt":{"rendered":"<p>Oaxaca de Ju\u00e1rez, Oax. 28 de abril de 2021.- En Oaxaca, este mi\u00e9rcoles se desarroll\u00f3 la jornada de vacunaci\u00f3n contra el Covid-19 para el personal del sector educativo de la entidad, tanto p\u00fablico como privado. De acuerdo con los Servicios de Salud, se tiene como meta vacunar a m\u00e1s de 117 mil profesores de educaci\u00f3n&#8230;<\/p>\n","protected":false},"author":4,"featured_media":7325,"comment_status":"closed","ping_status":"closed","sticky":false,"template":"","format":"standard","meta":{"footnotes":""},"categories":[49],"tags":[],"class_list":["post-7324","post","type-post","status-publish","format-standard","has-post-thumbnail","hentry","category-titulares"],"_links":{"self":[{"href":"https:\/\/fdnoaxaca.net\/index.php\/wp-json\/wp\/v2\/posts\/7324","targetHints":{"allow":["GET"]}}],"collection":[{"href":"https:\/\/fdnoaxaca.net\/index.php\/wp-json\/wp\/v2\/posts"}],"about":[{"href":"https:\/\/fdnoaxaca.net\/index.php\/wp-json\/wp\/v2\/types\/post"}],"author":[{"embeddable":true,"href":"https:\/\/fdnoaxaca.net\/index.php\/wp-json\/wp\/v2\/users\/4"}],"replies":[{"embeddable":true,"href":"https:\/\/fdnoaxaca.net\/index.php\/wp-json\/wp\/v2\/comments?post=7324"}],"version-history":[{"count":1,"href":"https:\/\/fdnoaxaca.net\/index.php\/wp-json\/wp\/v2\/posts\/7324\/revisions"}],"predecessor-version":[{"id":7326,"href":"https:\/\/fdnoaxaca.net\/index.php\/wp-json\/wp\/v2\/posts\/7324\/revisions\/7326"}],"wp:featuredmedia":[{"embeddable":true,"href":"https:\/\/fdnoaxaca.net\/index.php\/wp-json\/wp\/v2\/media\/7325"}],"wp:attachment":[{"href":"https:\/\/fdnoaxaca.net\/index.php\/wp-json\/wp\/v2\/media?parent=7324"}],"wp:term":[{"taxonomy":"category","embeddable":true,"href":"https:\/\/fdnoaxaca.net\/index.php\/wp-json\/wp\/v2\/categories?post=7324"},{"taxonomy":"post_tag","embeddable":true,"href":"https:\/\/fdnoaxaca.net\/index.php\/wp-json\/wp\/v2\/tags?post=7324"}],"curies":[{"name":"wp","href":"https:\/\/api.w.org\/{rel}","templated":true}]}}