{"id":7375,"date":"2021-05-05T01:39:38","date_gmt":"2021-05-05T01:39:38","guid":{"rendered":"https:\/\/fdnoaxaca.net\/?p=7375"},"modified":"2021-05-05T01:39:41","modified_gmt":"2021-05-05T01:39:41","slug":"confirma-sala-xalapa-violencia-politica-contra-regidora-de-san-andres-ixtlahuaca","status":"publish","type":"post","link":"https:\/\/fdnoaxaca.net\/index.php\/2021\/05\/05\/confirma-sala-xalapa-violencia-politica-contra-regidora-de-san-andres-ixtlahuaca\/","title":{"rendered":"Confirma Sala Xalapa violencia pol\u00edtica contra regidora de San Andr\u00e9s Ixtlahuaca"},"content":{"rendered":"\n<p>Oaxaca de Ju\u00e1rez, Oax. 4 de mayo de 2021.- La Sala Regional Xalapa del Tribunal Electoral del Poder Judicial de la Federaci\u00f3n (TEPJF) confirm\u00f3 la sentencia del Tribunal Electoral del Estado de Oaxaca (TEEO) que declar\u00f3 existente la violencia pol\u00edtica en raz\u00f3n de g\u00e9nero contra la regidora de Hacienda del ayuntamiento de San Andr\u00e9s Ixtlahuaca, en la regi\u00f3n de Valles Centrales.<\/p>\n\n\n\n<p>En la sesi\u00f3n p\u00fablica, la Sala Xalapa confirm\u00f3 que el presidente municipal, el regidor de Seguridad, el excomandante y el exsargento de la Polic\u00eda, todos del ayuntamiento de San Andr\u00e9s Ixtlahuaca, cometieron violencia pol\u00edtica en contra de la funcionaria municipal.<\/p>\n\n\n\n<p>Inform\u00f3, que en consecuencia, sancion\u00f3 a los cuatro infractores. <\/p>\n\n\n\n<p>El Pleno de la Sala determin\u00f3 tener por acreditada la citada violencia toda vez que las conductas denunciadas tuvieron como objeto obstaculizar el ejercicio y goce de los derechos pol\u00edtico-electorales de la regidora de Hacienda. <\/p>\n\n\n\n<p>Adem\u00e1s de que el TEEO realiz\u00f3 una correcta individualizaci\u00f3n de la sanci\u00f3n impuesta a la parte denunciada, dado que se consideraron los aspectos del caso concreto atendiendo a la calificaci\u00f3n de la conducta y de cada individuo denunciado.  <\/p>\n\n\n\n<p>San Andr\u00e9s Ixtlahuaca es un municipio perteneciente a la regi\u00f3n de Valles Centrales, y al distrito Centro.<\/p>\n","protected":false},"excerpt":{"rendered":"<p>Oaxaca de Ju\u00e1rez, Oax. 4 de mayo de 2021.- La Sala Regional Xalapa del Tribunal Electoral del Poder Judicial de la Federaci\u00f3n (TEPJF) confirm\u00f3 la sentencia del Tribunal Electoral del Estado de Oaxaca (TEEO) que declar\u00f3 existente la violencia pol\u00edtica en raz\u00f3n de g\u00e9nero contra la regidora de Hacienda del ayuntamiento de San Andr\u00e9s Ixtlahuaca,&#8230;<\/p>\n","protected":false},"author":4,"featured_media":7376,"comment_status":"closed","ping_status":"closed","sticky":false,"template":"","format":"standard","meta":{"footnotes":""},"categories":[49],"tags":[],"class_list":["post-7375","post","type-post","status-publish","format-standard","has-post-thumbnail","hentry","category-titulares"],"_links":{"self":[{"href":"https:\/\/fdnoaxaca.net\/index.php\/wp-json\/wp\/v2\/posts\/7375","targetHints":{"allow":["GET"]}}],"collection":[{"href":"https:\/\/fdnoaxaca.net\/index.php\/wp-json\/wp\/v2\/posts"}],"about":[{"href":"https:\/\/fdnoaxaca.net\/index.php\/wp-json\/wp\/v2\/types\/post"}],"author":[{"embeddable":true,"href":"https:\/\/fdnoaxaca.net\/index.php\/wp-json\/wp\/v2\/users\/4"}],"replies":[{"embeddable":true,"href":"https:\/\/fdnoaxaca.net\/index.php\/wp-json\/wp\/v2\/comments?post=7375"}],"version-history":[{"count":1,"href":"https:\/\/fdnoaxaca.net\/index.php\/wp-json\/wp\/v2\/posts\/7375\/revisions"}],"predecessor-version":[{"id":7377,"href":"https:\/\/fdnoaxaca.net\/index.php\/wp-json\/wp\/v2\/posts\/7375\/revisions\/7377"}],"wp:featuredmedia":[{"embeddable":true,"href":"https:\/\/fdnoaxaca.net\/index.php\/wp-json\/wp\/v2\/media\/7376"}],"wp:attachment":[{"href":"https:\/\/fdnoaxaca.net\/index.php\/wp-json\/wp\/v2\/media?parent=7375"}],"wp:term":[{"taxonomy":"category","embeddable":true,"href":"https:\/\/fdnoaxaca.net\/index.php\/wp-json\/wp\/v2\/categories?post=7375"},{"taxonomy":"post_tag","embeddable":true,"href":"https:\/\/fdnoaxaca.net\/index.php\/wp-json\/wp\/v2\/tags?post=7375"}],"curies":[{"name":"wp","href":"https:\/\/api.w.org\/{rel}","templated":true}]}}