{"id":7391,"date":"2021-05-05T20:01:23","date_gmt":"2021-05-05T20:01:23","guid":{"rendered":"https:\/\/fdnoaxaca.net\/?p=7391"},"modified":"2021-05-05T20:01:35","modified_gmt":"2021-05-05T20:01:35","slug":"desde-el-congreso-piden-agilizar-busqueda-de-periodista-desaparecido-en-oaxaca","status":"publish","type":"post","link":"https:\/\/fdnoaxaca.net\/index.php\/2021\/05\/05\/desde-el-congreso-piden-agilizar-busqueda-de-periodista-desaparecido-en-oaxaca\/","title":{"rendered":"Desde el Congreso piden agilizar b\u00fasqueda de periodista desaparecido en Oaxaca"},"content":{"rendered":"\n<p>Oaxaca de Ju\u00e1rez, Oax. 5 de mayo de 2021.- A seis d\u00edas de la desaparici\u00f3n del periodista oaxaque\u00f1o, Francisco Augusto Ram\u00edrez Padilla, desde el Congreso local demandan a la Fiscal\u00eda General de Justicia del estado agilizar su b\u00fasqueda.<\/p>\n\n\n\n<p>En la sesi\u00f3n de este mi\u00e9rcoles, la diputada por Morena, Magaly L\u00f3pez, se pronunci\u00f3 al respecto y solicit\u00f3 a la Fiscal\u00eda General de Justicia acelerar la b\u00fasqueda para su localizaci\u00f3n.<\/p>\n\n\n\n<p>&#8220;Es cierto que la Fiscal\u00eda General del estado elabor\u00f3 y emiti\u00f3 una ficha de b\u00fasqueda, pero no es suficiente, es necesario que de manera urgente se realicen las acciones de b\u00fasqueda necesaria para la localizaci\u00f3n del periodista Francisco Augusto Ram\u00edrez Padilla&#8221;, declar\u00f3.<\/p>\n\n\n\n<p>&#8220;Los ataques a comunicadores de Oaxaca suelen ser brutales&#8221;, se\u00f1al\u00f3 al recordar el riesgo al que se enfrentan periodistas y comunicadores, como es el caso de las radialistas Virginia y Daniela Ortiz Ram\u00edrez, que en este 2021 se cumplir\u00e1n 15 a\u00f1os de su desaparici\u00f3n.<\/p>\n\n\n\n<p>&#8220;Y todav\u00eda est\u00e1n en nuestra memoria los asesinatos de Filadelfo S\u00e1nchez Sarmiento, Salvador Olmos Garc\u00eda, y de Tel\u00e9sforo Santiago Enr\u00edquez&#8221;, declar\u00f3.<\/p>\n\n\n\n<p>Francisco Augusto Ram\u00edrez Padilla fue visto por \u00faltima vez el viernes 30 de abril en San Jacinto Amilpas, municipio conurbado a la capital de Oaxaca.<\/p>\n\n\n\n<p>Familiares y trabajadores de medios de comunicaci\u00f3n de Oaxaca solicitan ayuda de la sociedad para su localizaci\u00f3n.<\/p>\n\n\n\n<p>Francisco Ram\u00edrez, de 53 a\u00f1os, es periodista del peri\u00f3dico estatal Tiempo, y del portal de noticias Di\u00e1logos Oaxaca.<\/p>\n","protected":false},"excerpt":{"rendered":"<p>Oaxaca de Ju\u00e1rez, Oax. 5 de mayo de 2021.- A seis d\u00edas de la desaparici\u00f3n del periodista oaxaque\u00f1o, Francisco Augusto Ram\u00edrez Padilla, desde el Congreso local demandan a la Fiscal\u00eda General de Justicia del estado agilizar su b\u00fasqueda. En la sesi\u00f3n de este mi\u00e9rcoles, la diputada por Morena, Magaly L\u00f3pez, se pronunci\u00f3 al respecto y&#8230;<\/p>\n","protected":false},"author":4,"featured_media":7392,"comment_status":"closed","ping_status":"closed","sticky":false,"template":"","format":"standard","meta":{"footnotes":""},"categories":[49],"tags":[],"class_list":["post-7391","post","type-post","status-publish","format-standard","has-post-thumbnail","hentry","category-titulares"],"_links":{"self":[{"href":"https:\/\/fdnoaxaca.net\/index.php\/wp-json\/wp\/v2\/posts\/7391","targetHints":{"allow":["GET"]}}],"collection":[{"href":"https:\/\/fdnoaxaca.net\/index.php\/wp-json\/wp\/v2\/posts"}],"about":[{"href":"https:\/\/fdnoaxaca.net\/index.php\/wp-json\/wp\/v2\/types\/post"}],"author":[{"embeddable":true,"href":"https:\/\/fdnoaxaca.net\/index.php\/wp-json\/wp\/v2\/users\/4"}],"replies":[{"embeddable":true,"href":"https:\/\/fdnoaxaca.net\/index.php\/wp-json\/wp\/v2\/comments?post=7391"}],"version-history":[{"count":1,"href":"https:\/\/fdnoaxaca.net\/index.php\/wp-json\/wp\/v2\/posts\/7391\/revisions"}],"predecessor-version":[{"id":7393,"href":"https:\/\/fdnoaxaca.net\/index.php\/wp-json\/wp\/v2\/posts\/7391\/revisions\/7393"}],"wp:featuredmedia":[{"embeddable":true,"href":"https:\/\/fdnoaxaca.net\/index.php\/wp-json\/wp\/v2\/media\/7392"}],"wp:attachment":[{"href":"https:\/\/fdnoaxaca.net\/index.php\/wp-json\/wp\/v2\/media?parent=7391"}],"wp:term":[{"taxonomy":"category","embeddable":true,"href":"https:\/\/fdnoaxaca.net\/index.php\/wp-json\/wp\/v2\/categories?post=7391"},{"taxonomy":"post_tag","embeddable":true,"href":"https:\/\/fdnoaxaca.net\/index.php\/wp-json\/wp\/v2\/tags?post=7391"}],"curies":[{"name":"wp","href":"https:\/\/api.w.org\/{rel}","templated":true}]}}