{"id":7462,"date":"2021-05-14T04:39:42","date_gmt":"2021-05-14T04:39:42","guid":{"rendered":"https:\/\/fdnoaxaca.net\/?p=7462"},"modified":"2021-05-14T04:39:45","modified_gmt":"2021-05-14T04:39:45","slug":"vinculan-a-proceso-a-edil-de-nochixtlan-y-dos-de-sus-colaboradores-por-desaparicion-de-activista","status":"publish","type":"post","link":"https:\/\/fdnoaxaca.net\/index.php\/2021\/05\/14\/vinculan-a-proceso-a-edil-de-nochixtlan-y-dos-de-sus-colaboradores-por-desaparicion-de-activista\/","title":{"rendered":"Vinculan a proceso a edil de Nochixtl\u00e1n y dos de sus colaboradores por desaparici\u00f3n de activista"},"content":{"rendered":"\n<p>Oaxaca de Ju\u00e1rez, Oax., 13 de mayo de 2021.- La presidente municipal con licencia de Asunci\u00f3n Nochixtl\u00e1n, Lizbeth Victoria Huerta, y dos de sus colaboradores, detenidos por su presunta responsabilidad en la desaparici\u00f3n de la activista brit\u00e1nica Claudia Uruchurtu, fueron vinculados a proceso.<\/p>\n\n\n\n<p>Este jueves, a casi una semana de la detenci\u00f3n de las tres personas, el Juez de Control los vincul\u00f3 a proceso por el delito de desaparici\u00f3n, inform\u00f3 la Fiscal\u00eda General de Justicia del estado.<\/p>\n\n\n\n<p>L. V. H., J. R. M. M. y J. A. H., son se\u00f1alados como probables responsables del delito de desaparici\u00f3n de personas en agravio de la ciudadana mexicana-inglesa, Claudia Uruchurtu Cruz, cometido en marzo de 2021 en jurisdicci\u00f3n de Asunci\u00f3n Nochixtl\u00e1n.<\/p>\n\n\n\n<p>De acuerdo con los hechos asentados en la causa penal 203\/2021, el 26 de marzo de 2021, la activista fue vista por \u00faltima vez en inmediaciones del palacio municipal de Asunci\u00f3n Nochixtl\u00e1n, luego de participar en una manifestaci\u00f3n contra la edil de ese municipio de la regi\u00f3n de la Mixteca.<\/p>\n\n\n\n<p>Tras la denuncia interpuesta por la familia de Claudia, la Fiscal\u00eda inici\u00f3 las labores de investigaci\u00f3n con perspectiva de g\u00e9nero para priorizar las necesidades particulares de la v\u00edctima directa y v\u00edctimas indirectas.<\/p>\n\n\n\n<p>Sobre el caso, la Fiscal\u00eda inform\u00f3 que en la investigaci\u00f3n del caso, colaboran la Secretar\u00eda de Seguridad y Protecci\u00f3n Ciudadana (SSPC) del gobierno federal a trav\u00e9s de la Coordinaci\u00f3n Nacional Antisecuestro (CONASE), as\u00ed como la Secretar\u00eda de Gobernaci\u00f3n que dio intervenci\u00f3n a la Comisi\u00f3n Nacional de B\u00fasqueda (CNB), a fin de realizar las acciones de b\u00fasqueda y localizaci\u00f3n pertinentes.<\/p>\n\n\n\n<p>El 7 de mayo de 2021, la mun\u00edcipe y dos de sus colaboradores fueron detenidos por elementos de la Agencia Estatal de Investigaci\u00f3n.<\/p>\n\n\n\n<p>En audiencia y tras validar los datos de prueba proporcionados por la Fiscal\u00eda, el Juez en turno determin\u00f3 vincular a proceso a L. V. H., J. R. M. M. y J. A. H., a quienes impuso la medida cautelar de prisi\u00f3n preventiva oficiosa, adem\u00e1s de otorgar cuatro meses para el cierre de investigaci\u00f3n complementaria.<\/p>\n\n\n\n<p>Respecto a la localizaci\u00f3n de Claudia Uruchurtu, la Fiscal\u00eda inform\u00f3 que no descarta ninguna de las l\u00edneas de investigaci\u00f3n contenidas en la teor\u00eda del caso para dar con su paradero.<\/p>\n","protected":false},"excerpt":{"rendered":"<p>Oaxaca de Ju\u00e1rez, Oax., 13 de mayo de 2021.- La presidente municipal con licencia de Asunci\u00f3n Nochixtl\u00e1n, Lizbeth Victoria Huerta, y dos de sus colaboradores, detenidos por su presunta responsabilidad en la desaparici\u00f3n de la activista brit\u00e1nica Claudia Uruchurtu, fueron vinculados a proceso. Este jueves, a casi una semana de la detenci\u00f3n de las tres&#8230;<\/p>\n","protected":false},"author":4,"featured_media":7409,"comment_status":"closed","ping_status":"closed","sticky":false,"template":"","format":"standard","meta":{"footnotes":""},"categories":[49],"tags":[],"class_list":["post-7462","post","type-post","status-publish","format-standard","has-post-thumbnail","hentry","category-titulares"],"_links":{"self":[{"href":"https:\/\/fdnoaxaca.net\/index.php\/wp-json\/wp\/v2\/posts\/7462","targetHints":{"allow":["GET"]}}],"collection":[{"href":"https:\/\/fdnoaxaca.net\/index.php\/wp-json\/wp\/v2\/posts"}],"about":[{"href":"https:\/\/fdnoaxaca.net\/index.php\/wp-json\/wp\/v2\/types\/post"}],"author":[{"embeddable":true,"href":"https:\/\/fdnoaxaca.net\/index.php\/wp-json\/wp\/v2\/users\/4"}],"replies":[{"embeddable":true,"href":"https:\/\/fdnoaxaca.net\/index.php\/wp-json\/wp\/v2\/comments?post=7462"}],"version-history":[{"count":1,"href":"https:\/\/fdnoaxaca.net\/index.php\/wp-json\/wp\/v2\/posts\/7462\/revisions"}],"predecessor-version":[{"id":7463,"href":"https:\/\/fdnoaxaca.net\/index.php\/wp-json\/wp\/v2\/posts\/7462\/revisions\/7463"}],"wp:featuredmedia":[{"embeddable":true,"href":"https:\/\/fdnoaxaca.net\/index.php\/wp-json\/wp\/v2\/media\/7409"}],"wp:attachment":[{"href":"https:\/\/fdnoaxaca.net\/index.php\/wp-json\/wp\/v2\/media?parent=7462"}],"wp:term":[{"taxonomy":"category","embeddable":true,"href":"https:\/\/fdnoaxaca.net\/index.php\/wp-json\/wp\/v2\/categories?post=7462"},{"taxonomy":"post_tag","embeddable":true,"href":"https:\/\/fdnoaxaca.net\/index.php\/wp-json\/wp\/v2\/tags?post=7462"}],"curies":[{"name":"wp","href":"https:\/\/api.w.org\/{rel}","templated":true}]}}