{"id":7464,"date":"2021-05-14T05:16:51","date_gmt":"2021-05-14T05:16:51","guid":{"rendered":"https:\/\/fdnoaxaca.net\/?p=7464"},"modified":"2021-05-14T05:17:03","modified_gmt":"2021-05-14T05:17:03","slug":"revoca-teeo-acuerdo-de-ieepco-que-negaba-candidatura-de-dante-montano","status":"publish","type":"post","link":"https:\/\/fdnoaxaca.net\/index.php\/2021\/05\/14\/revoca-teeo-acuerdo-de-ieepco-que-negaba-candidatura-de-dante-montano\/","title":{"rendered":"Revoca TEEO acuerdo de IEEPCO que negaba candidatura de Dante Monta\u00f1o"},"content":{"rendered":"\n<p>Oaxaca de Ju\u00e1rez, Oax., 14 de mayo de 2021.- El Pleno del Tribunal Electoral del Estado de Oaxaca (TEEO) revoc\u00f3 el acuerdo IEEPCO-CG-57\/2021 del Consejo General del Instituto Estatal Electoral y de Participaci\u00f3n Ciudadana de Oaxaca (IEEPCO), mediante el cual aprob\u00f3 las solicitudes de registro de candidaturas a concejal\u00edas en los Ayuntamientos que se rigen por el sistema de partidos pol\u00edticos, en el proceso electoral local en curso.<\/p>\n\n\n\n<p>Tras ello, orden\u00f3 al IEEPCO se pronuncie nuevamente respecto de la candidatura de Dante Monta\u00f1o Montero, precandidato a la presidencia municipal de Santa Luc\u00eda del Camino, Oaxaca, postulado por la candidatura com\u00fan integrada por el Partido del Trabajo y el Verde Ecologista de M\u00e9xico.<\/p>\n\n\n\n<p>A Dante Monta\u00f1o, actual presidente de Santa Luc\u00eda del Camino, por el partido Morena, se le hab\u00eda negado su candidatura para reelegirse en este municipio conurbado a la ciudad de Oaxaca, ahora por  los partidos del Trabajo y Verde Ecologista de M\u00e9xico, por cometer violencia pol\u00edtica en raz\u00f3n de g\u00e9nero en contra de una regidora. <\/p>\n\n\n\n<p>En junio de 2020, la Sala Regional Xalapa del Tribunal Electoral del Poder Judicial de la Federaci\u00f3n (TEPJF) declar\u00f3 la existencia de violencia pol\u00edtica en raz\u00f3n de g\u00e9nero y dict\u00f3 medidas de reparaci\u00f3n integral a favor de una regidora del ayuntamiento de Santa Luc\u00eda del Camino, debido a las amenazas, hostigamiento e intimidaci\u00f3n que recibi\u00f3 por parte del presidente municipal.<\/p>\n\n\n\n<p>En consecuencia, modific\u00f3 la determinaci\u00f3n del TEEO porque \u00e9ste en forma inexacta, hab\u00eda tenido por no demostrada la violencia pol\u00edtica en raz\u00f3n de g\u00e9nero que se ejerce en contra de la regidora.<\/p>\n\n\n\n<p>Por tal motivo, el IEEPCO hab\u00eda negado el registro de la candidatura de Dante Monta\u00f1o para las elecciones del 6 de junio.<\/p>\n\n\n\n<p>Sin embargo, este jueves el TEEO revoc\u00f3 el acuerdo del IEEPCO y determin\u00f3 que el actor s\u00ed tiene la presunci\u00f3n de contar con un modo honesto de vivir.<\/p>\n\n\n\n<p>En el juicio ciudadano identificado con la clave JDC\/153\/2021, por mayor\u00eda, el Pleno se\u00f1al\u00f3 que le asiste la raz\u00f3n al denunciante respecto a que el Instituto Estatal Electoral le aplic\u00f3, en su perjuicio, de manera retroactiva, el art\u00edculo 21 de la Ley de Instituciones, pues los actos y omisiones por los que fue sancionado por cometer violencia pol\u00edtica de g\u00e9nero en el juicio JDC\/13\/2020 y la cadena impugnativa que de \u00e9ste deriv\u00f3, acaecieron con antelaci\u00f3n a la reforma a la Ley de Instituciones y Procedimientos Electorales, a trav\u00e9s de la cual se introdujo la restricci\u00f3n para que quienes hayan sido sancionados por este tipo de violencia no puedan ser registrados como candidatos.<\/p>\n\n\n\n<p>Adem\u00e1s, refiri\u00f3 que el Consejo General &#8220;incorrectamente&#8221; concluy\u00f3 que, el simple hecho de que el actor est\u00e9 inscrito en el \u201cRegistro de personas sancionadas en materia de violencia pol\u00edtica contra las mujeres en raz\u00f3n de g\u00e9nero\u201d, era suficiente para tener por desvirtuado su modo honesto de vivir; inobservando que dicho registro solo tiene efectos publicitarios, tal como lo ha determinado la Sala Superior, y no tom\u00f3 en cuenta las circunstancias particulares del caso, para hacer una correcta valoraci\u00f3n de si el actor cumpl\u00eda o no con el requisito de tener un modo honesto de vivir.<\/p>\n\n\n\n<p>Por lo cual, el TEEO orden\u00f3 al IEEPCO se pronuncie nuevamente sobre la candidatura de Dante Monta\u00f1o.<\/p>\n","protected":false},"excerpt":{"rendered":"<p>Oaxaca de Ju\u00e1rez, Oax., 14 de mayo de 2021.- El Pleno del Tribunal Electoral del Estado de Oaxaca (TEEO) revoc\u00f3 el acuerdo IEEPCO-CG-57\/2021 del Consejo General del Instituto Estatal Electoral y de Participaci\u00f3n Ciudadana de Oaxaca (IEEPCO), mediante el cual aprob\u00f3 las solicitudes de registro de candidaturas a concejal\u00edas en los Ayuntamientos que se rigen&#8230;<\/p>\n","protected":false},"author":4,"featured_media":7465,"comment_status":"closed","ping_status":"closed","sticky":false,"template":"","format":"standard","meta":{"footnotes":""},"categories":[49],"tags":[],"class_list":["post-7464","post","type-post","status-publish","format-standard","has-post-thumbnail","hentry","category-titulares"],"_links":{"self":[{"href":"https:\/\/fdnoaxaca.net\/index.php\/wp-json\/wp\/v2\/posts\/7464","targetHints":{"allow":["GET"]}}],"collection":[{"href":"https:\/\/fdnoaxaca.net\/index.php\/wp-json\/wp\/v2\/posts"}],"about":[{"href":"https:\/\/fdnoaxaca.net\/index.php\/wp-json\/wp\/v2\/types\/post"}],"author":[{"embeddable":true,"href":"https:\/\/fdnoaxaca.net\/index.php\/wp-json\/wp\/v2\/users\/4"}],"replies":[{"embeddable":true,"href":"https:\/\/fdnoaxaca.net\/index.php\/wp-json\/wp\/v2\/comments?post=7464"}],"version-history":[{"count":1,"href":"https:\/\/fdnoaxaca.net\/index.php\/wp-json\/wp\/v2\/posts\/7464\/revisions"}],"predecessor-version":[{"id":7466,"href":"https:\/\/fdnoaxaca.net\/index.php\/wp-json\/wp\/v2\/posts\/7464\/revisions\/7466"}],"wp:featuredmedia":[{"embeddable":true,"href":"https:\/\/fdnoaxaca.net\/index.php\/wp-json\/wp\/v2\/media\/7465"}],"wp:attachment":[{"href":"https:\/\/fdnoaxaca.net\/index.php\/wp-json\/wp\/v2\/media?parent=7464"}],"wp:term":[{"taxonomy":"category","embeddable":true,"href":"https:\/\/fdnoaxaca.net\/index.php\/wp-json\/wp\/v2\/categories?post=7464"},{"taxonomy":"post_tag","embeddable":true,"href":"https:\/\/fdnoaxaca.net\/index.php\/wp-json\/wp\/v2\/tags?post=7464"}],"curies":[{"name":"wp","href":"https:\/\/api.w.org\/{rel}","templated":true}]}}