{"id":7473,"date":"2021-05-17T17:54:18","date_gmt":"2021-05-17T17:54:18","guid":{"rendered":"https:\/\/fdnoaxaca.net\/?p=7473"},"modified":"2021-05-17T17:54:22","modified_gmt":"2021-05-17T17:54:22","slug":"del-9-al-15-de-mayo-murieron-69-personas-en-oaxaca-por-covid-19","status":"publish","type":"post","link":"https:\/\/fdnoaxaca.net\/index.php\/2021\/05\/17\/del-9-al-15-de-mayo-murieron-69-personas-en-oaxaca-por-covid-19\/","title":{"rendered":"Del 9 al 15 de mayo, murieron 69 personas en Oaxaca por Covid-19"},"content":{"rendered":"\n<p>Oaxaca de Ju\u00e1rez, Oax. 17 de mayo de 2021.- Durante el resumen semanal de la situaci\u00f3n epidemiol\u00f3gica actual por el Covid-19, la directora de Ense\u00f1anza y Calidad de los Servicios de Salud de Oaxaca (SSO), Claudia Rodr\u00edguez Cort\u00e9s, inform\u00f3 que, hasta el 23 de mayo, la entidad continuar\u00e1 en sem\u00e1foro epidemiol\u00f3gico color verde. <\/p>\n\n\n\n<p>Destac\u00f3 que, durante la semana del 9 al 15 de mayo, la entidad acumul\u00f3 342 contagios, cifra que muestra una ligera disminuci\u00f3n con respecto a la semana anterior, al pasar de 371 a 342 casos, para un total de 46 mil 720 acumulados desde el inicio de la emergencia sanitaria en el territorio oaxaque\u00f1o.<\/p>\n\n\n\n<p>La funcionaria indic\u00f3 que, la atenci\u00f3n de pacientes con la patolog\u00eda v\u00edrica, registr\u00f3 un descenso del 0.3% en el n\u00famero de hospitalizados en comparaci\u00f3n con la semana anterior, por lo que las camas utilizadas para la atenci\u00f3n de la pandemia, en promedio fue del 17.7% de manera general. <\/p>\n\n\n\n<p>Sin embargo, en esa misma semana, 69 personas perdieron la vida a causa de complicaciones de la enfermedad. Por lo cual, la dependencia de Salud exhort\u00f3 a la ciudadan\u00eda a no bajar la guardia y continuar con las medidas de higiene y uso del cubrebocas, para coadyuvar en la reducci\u00f3n de contagios, hospitalizaciones y defunciones.<\/p>\n\n\n\n<p>Asimismo, puntualiz\u00f3 que siguiendo la estrategia de la Pol\u00edtica Nacional de Vacunaci\u00f3n contra el virus SARS-CoV-2 para la prevenci\u00f3n del Covid-19 en M\u00e9xico, en total se aplicaron 13 mil 054 vacunas.<\/p>\n\n\n\n<p>Se\u00f1al\u00f3 que se continu\u00f3 con la aplicaci\u00f3n de la segunda dosis a personas adultas mayores de 60 a\u00f1os en la regi\u00f3n de la Sierra y la aplicaci\u00f3n de la primera dosis a personas de 50 a 59 a\u00f1os en Valles Centrales. As\u00ed tambi\u00e9n \u2013dijo- durante esta semana se continu\u00f3 con la aplicaci\u00f3n de la primera dosis de la vacuna a personal de Salud de instituciones p\u00fablicas.<\/p>\n\n\n\n<p>Este fin de semana, tambi\u00e9n dio inicio en la regi\u00f3n de Tuxtepec, el suministro de las segundas dosis de Sinovac, con una meta de siete mil 450 dosis.<\/p>\n","protected":false},"excerpt":{"rendered":"<p>Oaxaca de Ju\u00e1rez, Oax. 17 de mayo de 2021.- Durante el resumen semanal de la situaci\u00f3n epidemiol\u00f3gica actual por el Covid-19, la directora de Ense\u00f1anza y Calidad de los Servicios de Salud de Oaxaca (SSO), Claudia Rodr\u00edguez Cort\u00e9s, inform\u00f3 que, hasta el 23 de mayo, la entidad continuar\u00e1 en sem\u00e1foro epidemiol\u00f3gico color verde. Destac\u00f3 que,&#8230;<\/p>\n","protected":false},"author":4,"featured_media":5570,"comment_status":"closed","ping_status":"closed","sticky":false,"template":"","format":"standard","meta":{"footnotes":""},"categories":[49],"tags":[],"class_list":["post-7473","post","type-post","status-publish","format-standard","has-post-thumbnail","hentry","category-titulares"],"_links":{"self":[{"href":"https:\/\/fdnoaxaca.net\/index.php\/wp-json\/wp\/v2\/posts\/7473","targetHints":{"allow":["GET"]}}],"collection":[{"href":"https:\/\/fdnoaxaca.net\/index.php\/wp-json\/wp\/v2\/posts"}],"about":[{"href":"https:\/\/fdnoaxaca.net\/index.php\/wp-json\/wp\/v2\/types\/post"}],"author":[{"embeddable":true,"href":"https:\/\/fdnoaxaca.net\/index.php\/wp-json\/wp\/v2\/users\/4"}],"replies":[{"embeddable":true,"href":"https:\/\/fdnoaxaca.net\/index.php\/wp-json\/wp\/v2\/comments?post=7473"}],"version-history":[{"count":1,"href":"https:\/\/fdnoaxaca.net\/index.php\/wp-json\/wp\/v2\/posts\/7473\/revisions"}],"predecessor-version":[{"id":7474,"href":"https:\/\/fdnoaxaca.net\/index.php\/wp-json\/wp\/v2\/posts\/7473\/revisions\/7474"}],"wp:featuredmedia":[{"embeddable":true,"href":"https:\/\/fdnoaxaca.net\/index.php\/wp-json\/wp\/v2\/media\/5570"}],"wp:attachment":[{"href":"https:\/\/fdnoaxaca.net\/index.php\/wp-json\/wp\/v2\/media?parent=7473"}],"wp:term":[{"taxonomy":"category","embeddable":true,"href":"https:\/\/fdnoaxaca.net\/index.php\/wp-json\/wp\/v2\/categories?post=7473"},{"taxonomy":"post_tag","embeddable":true,"href":"https:\/\/fdnoaxaca.net\/index.php\/wp-json\/wp\/v2\/tags?post=7473"}],"curies":[{"name":"wp","href":"https:\/\/api.w.org\/{rel}","templated":true}]}}