{"id":7529,"date":"2021-05-20T20:31:09","date_gmt":"2021-05-20T20:31:09","guid":{"rendered":"https:\/\/fdnoaxaca.net\/?p=7529"},"modified":"2021-05-20T20:31:12","modified_gmt":"2021-05-20T20:31:12","slug":"la-juventud-una-prioridad-en-el-desarrollo-jesus-ruiz-olmedo","status":"publish","type":"post","link":"https:\/\/fdnoaxaca.net\/index.php\/2021\/05\/20\/la-juventud-una-prioridad-en-el-desarrollo-jesus-ruiz-olmedo\/","title":{"rendered":"La juventud, una prioridad en el desarrollo: Jes\u00fas Ruiz Olmedo"},"content":{"rendered":"\n<p>Oaxaca de Ju\u00e1rez, Oax. 20 de mayo de 2021.- El apoyo y la integraci\u00f3n de las juventudes oaxaque\u00f1as a los procesos de transformaci\u00f3n en Oaxaca de Ju\u00e1rez ser\u00e1n prioridad en el Gobierno que encabezar\u00e1 Jes\u00fas Ruiz Olmedo, candidato a edil por el Partido Fuerza por M\u00e9xico, quien as\u00ed lo indic\u00f3 al reunirse con j\u00f3venes deportistas.<\/p>\n\n\n\n<p>Jes\u00fas Ruiz Olmedo se\u00f1al\u00f3 que en la b\u00fasqueda de sociedades m\u00e1s igualitarias es necesario que las juventudes tengan una participaci\u00f3n m\u00e1s activa, por lo cual asume el compromiso de apoyar como nunca antes a las juventudes talentosas y  entusiastas que tienen mucho que aportar al desarrollo de nuestro municipio.<\/p>\n\n\n\n<p>\u201cEs nuestro presente, es por las juventudes oaxaque\u00f1as que tenemos que trabajar intensamente para sacar a nuestra comunidad adelante, tenemos que apoyar esa energ\u00eda, ese dinamismo y creatividad de todos estos j\u00f3venes que conf\u00edan en nosotros, les vamos a brindar  todas las oportunidades posibles para que sean hombres y mujeres exitosos tanto personal como profesionalmente\u201d, enfatiz\u00f3 Ruiz Olmedo.<\/p>\n\n\n\n<p>El candidato de Fuerza por M\u00e9xico extern\u00f3 que en su mandato se desarrollar\u00e1n estrategias que permitan la inserci\u00f3n social de los j\u00f3venes en la educaci\u00f3n y el empleo,  as\u00ed como tambi\u00e9n se implementar\u00e1n pol\u00edticas en materia de salud, violencia, participaci\u00f3n pol\u00edtica y acceso a la tecnolog\u00eda y la cultura, adem\u00e1s de fomento al deporte.<\/p>\n\n\n\n<p>Jes\u00fas Ruiz dijo que las juventudes tienen mucho que aportar, por lo que \u00e9l siempre estar\u00e1 atento a las necesidades, peticiones y propuestas que este sector de la poblaci\u00f3n genere, coment\u00f3 que con la revoluci\u00f3n tecnol\u00f3gica que estamos viviendo la ni\u00f1ez y las juventudes de hoy est\u00e1n m\u00e1s conscientes de la realidad en la que vivimos. <\/p>\n\n\n\n<p>Los j\u00f3venes deportistas que asistieron a la reuni\u00f3n celebraron que Ruiz Olmedo le d\u00e9 prioridad al tema de las juventudes, que tenga una ruta clara para ellos en diferentes \u00e1mbitos de acci\u00f3n, por lo que le brindaron su apoyo y reconocieron que \u00e9l tambi\u00e9n es una figura joven con ideas nuevas y capacidad dentro de la pol\u00edtica y que con su dinamismo y fuerza est\u00e1 actuando para transformar Oaxaca.<\/p>\n","protected":false},"excerpt":{"rendered":"<p>Oaxaca de Ju\u00e1rez, Oax. 20 de mayo de 2021.- El apoyo y la integraci\u00f3n de las juventudes oaxaque\u00f1as a los procesos de transformaci\u00f3n en Oaxaca de Ju\u00e1rez ser\u00e1n prioridad en el Gobierno que encabezar\u00e1 Jes\u00fas Ruiz Olmedo, candidato a edil por el Partido Fuerza por M\u00e9xico, quien as\u00ed lo indic\u00f3 al reunirse con j\u00f3venes deportistas&#8230;.<\/p>\n","protected":false},"author":4,"featured_media":7530,"comment_status":"closed","ping_status":"closed","sticky":false,"template":"","format":"standard","meta":{"footnotes":""},"categories":[4],"tags":[],"class_list":["post-7529","post","type-post","status-publish","format-standard","has-post-thumbnail","hentry","category-general"],"_links":{"self":[{"href":"https:\/\/fdnoaxaca.net\/index.php\/wp-json\/wp\/v2\/posts\/7529","targetHints":{"allow":["GET"]}}],"collection":[{"href":"https:\/\/fdnoaxaca.net\/index.php\/wp-json\/wp\/v2\/posts"}],"about":[{"href":"https:\/\/fdnoaxaca.net\/index.php\/wp-json\/wp\/v2\/types\/post"}],"author":[{"embeddable":true,"href":"https:\/\/fdnoaxaca.net\/index.php\/wp-json\/wp\/v2\/users\/4"}],"replies":[{"embeddable":true,"href":"https:\/\/fdnoaxaca.net\/index.php\/wp-json\/wp\/v2\/comments?post=7529"}],"version-history":[{"count":1,"href":"https:\/\/fdnoaxaca.net\/index.php\/wp-json\/wp\/v2\/posts\/7529\/revisions"}],"predecessor-version":[{"id":7531,"href":"https:\/\/fdnoaxaca.net\/index.php\/wp-json\/wp\/v2\/posts\/7529\/revisions\/7531"}],"wp:featuredmedia":[{"embeddable":true,"href":"https:\/\/fdnoaxaca.net\/index.php\/wp-json\/wp\/v2\/media\/7530"}],"wp:attachment":[{"href":"https:\/\/fdnoaxaca.net\/index.php\/wp-json\/wp\/v2\/media?parent=7529"}],"wp:term":[{"taxonomy":"category","embeddable":true,"href":"https:\/\/fdnoaxaca.net\/index.php\/wp-json\/wp\/v2\/categories?post=7529"},{"taxonomy":"post_tag","embeddable":true,"href":"https:\/\/fdnoaxaca.net\/index.php\/wp-json\/wp\/v2\/tags?post=7529"}],"curies":[{"name":"wp","href":"https:\/\/api.w.org\/{rel}","templated":true}]}}