{"id":7642,"date":"2021-05-25T05:46:51","date_gmt":"2021-05-25T05:46:51","guid":{"rendered":"https:\/\/fdnoaxaca.net\/?p=7642"},"modified":"2021-05-25T05:46:54","modified_gmt":"2021-05-25T05:46:54","slug":"reconocen-a-tres-oaxaquenos-por-su-labor-a-favor-de-la-ciudad-de-oaxaca-entre-ellos-a-ruiz-olmedo","status":"publish","type":"post","link":"https:\/\/fdnoaxaca.net\/index.php\/2021\/05\/25\/reconocen-a-tres-oaxaquenos-por-su-labor-a-favor-de-la-ciudad-de-oaxaca-entre-ellos-a-ruiz-olmedo\/","title":{"rendered":"Reconocen a tres oaxaque\u00f1os por su labor a favor de la ciudad de Oaxaca, entre ellos a Ruiz Olmedo"},"content":{"rendered":"\n<p>Oaxaca de Ju\u00e1rez, Oax. 25 de mayo de 2021.-  El candidato a la presidencia municipal de la ciudad de Oaxaca, por el partido Fuerza M\u00e9xico, Jes\u00fas Ruiz Olmedo, fue reconocido por su labor en beneficio de los ciudadanos de la capital del estado.<\/p>\n\n\n\n<p>El lunes, Arturo Cruz Cabrera, canciller de Derechos Humanos en Ecuador, presidente del Claustro Doctoral Iberoamericano y presidente de la Fundaci\u00f3n Liderazgo HOY A. C., entreg\u00f3 un reconocimiento internacional a Jes\u00fas Ruiz Olmedo por su labor en beneficio de los oaxaque\u00f1os.<\/p>\n\n\n\n<p>Cruz Cabrera indic\u00f3 que esta distinci\u00f3n se le otorga a personas que por su esfuerzo, trabajo, fraternidad, y humanidad trascienden de manera importante en la sociedad, por tal motivo se reconoci\u00f3 la labor de Jes\u00fas Ruiz Olmedo en favor de la ciudadan\u00eda durante la emergencia sanitaria por Covid-19, quien desde la sociedad civil  impuls\u00f3 proyectos para apoyar a los afectados.<\/p>\n\n\n\n<figure class=\"wp-block-image\"><img loading=\"lazy\" decoding=\"async\" width=\"1024\" height=\"682\" src=\"https:\/\/fdnoaxaca.net\/wp-content\/uploads\/2021\/05\/IMG-20210524-WA0109-1024x682.jpg\" alt=\"\" class=\"wp-image-7643\" srcset=\"https:\/\/fdnoaxaca.net\/wp-content\/uploads\/2021\/05\/IMG-20210524-WA0109-1024x682.jpg 1024w, https:\/\/fdnoaxaca.net\/wp-content\/uploads\/2021\/05\/IMG-20210524-WA0109-300x200.jpg 300w, https:\/\/fdnoaxaca.net\/wp-content\/uploads\/2021\/05\/IMG-20210524-WA0109-768x511.jpg 768w, https:\/\/fdnoaxaca.net\/wp-content\/uploads\/2021\/05\/IMG-20210524-WA0109-600x400.jpg 600w, https:\/\/fdnoaxaca.net\/wp-content\/uploads\/2021\/05\/IMG-20210524-WA0109-272x182.jpg 272w, https:\/\/fdnoaxaca.net\/wp-content\/uploads\/2021\/05\/IMG-20210524-WA0109.jpg 1280w\" sizes=\"auto, (max-width: 1024px) 100vw, 1024px\" \/><\/figure>\n\n\n\n<p>&#8220;Conforme a sus principios, finalidades y reglamentaciones estatutarias han acordado por unanimidad, entregar el t\u00edtulo honor\u00edfico \u201cDoctor Honoris Causa\u201d a Jes\u00fas Ruiz Olmedo, en virtud de su esmerada labor en beneficio de la educaci\u00f3n, su liderazgo en el servicio social, los valores y desarrollo sustentable a favor de la patria y la humanidad\u201d, expres\u00f3 Cruz Cabrera.<\/p>\n\n\n\n<p>De igual forma, se entreg\u00f3 el reconocimiento &#8220;Al liderazgo 2021&#8221; a Celia Flori\u00e1n, del restaurante Las Quince Letras; a Alejandro Ruiz, del restaurante Casa Oaxaca y a Jes\u00fas Ruiz Olmedo, tambi\u00e9n parte del grupo Casa Oaxaca y candidato a la presidencia municipal de Oaxaca de Ju\u00e1rez por el partido Fuerza por M\u00e9xico. <\/p>\n\n\n\n<p>Jes\u00fas Ruiz Olmedo se mostr\u00f3 muy agradecido por los reconocimientos a nivel internacional que recibi\u00f3 y dijo que lo que lo mueve es el profundo amor a Oaxaca que le ha dado todo en la vida, por lo que reafirm\u00f3 el compromiso de seguir generando desarrollo y empleo para las familias de Oaxaca de Ju\u00e1rez.<\/p>\n\n\n\n<figure class=\"wp-block-image\"><img loading=\"lazy\" decoding=\"async\" width=\"1024\" height=\"461\" src=\"https:\/\/fdnoaxaca.net\/wp-content\/uploads\/2021\/05\/IMG-20210524-WA0106-1024x461.jpg\" alt=\"\" class=\"wp-image-7644\" srcset=\"https:\/\/fdnoaxaca.net\/wp-content\/uploads\/2021\/05\/IMG-20210524-WA0106-1024x461.jpg 1024w, https:\/\/fdnoaxaca.net\/wp-content\/uploads\/2021\/05\/IMG-20210524-WA0106-300x135.jpg 300w, https:\/\/fdnoaxaca.net\/wp-content\/uploads\/2021\/05\/IMG-20210524-WA0106-768x346.jpg 768w, https:\/\/fdnoaxaca.net\/wp-content\/uploads\/2021\/05\/IMG-20210524-WA0106.jpg 1280w\" sizes=\"auto, (max-width: 1024px) 100vw, 1024px\" \/><\/figure>\n","protected":false},"excerpt":{"rendered":"<p>Oaxaca de Ju\u00e1rez, Oax. 25 de mayo de 2021.- El candidato a la presidencia municipal de la ciudad de Oaxaca, por el partido Fuerza M\u00e9xico, Jes\u00fas Ruiz Olmedo, fue reconocido por su labor en beneficio de los ciudadanos de la capital del estado. El lunes, Arturo Cruz Cabrera, canciller de Derechos Humanos en Ecuador, presidente&#8230;<\/p>\n","protected":false},"author":4,"featured_media":7645,"comment_status":"closed","ping_status":"closed","sticky":false,"template":"","format":"standard","meta":{"footnotes":""},"categories":[4],"tags":[],"class_list":["post-7642","post","type-post","status-publish","format-standard","has-post-thumbnail","hentry","category-general"],"_links":{"self":[{"href":"https:\/\/fdnoaxaca.net\/index.php\/wp-json\/wp\/v2\/posts\/7642","targetHints":{"allow":["GET"]}}],"collection":[{"href":"https:\/\/fdnoaxaca.net\/index.php\/wp-json\/wp\/v2\/posts"}],"about":[{"href":"https:\/\/fdnoaxaca.net\/index.php\/wp-json\/wp\/v2\/types\/post"}],"author":[{"embeddable":true,"href":"https:\/\/fdnoaxaca.net\/index.php\/wp-json\/wp\/v2\/users\/4"}],"replies":[{"embeddable":true,"href":"https:\/\/fdnoaxaca.net\/index.php\/wp-json\/wp\/v2\/comments?post=7642"}],"version-history":[{"count":1,"href":"https:\/\/fdnoaxaca.net\/index.php\/wp-json\/wp\/v2\/posts\/7642\/revisions"}],"predecessor-version":[{"id":7646,"href":"https:\/\/fdnoaxaca.net\/index.php\/wp-json\/wp\/v2\/posts\/7642\/revisions\/7646"}],"wp:featuredmedia":[{"embeddable":true,"href":"https:\/\/fdnoaxaca.net\/index.php\/wp-json\/wp\/v2\/media\/7645"}],"wp:attachment":[{"href":"https:\/\/fdnoaxaca.net\/index.php\/wp-json\/wp\/v2\/media?parent=7642"}],"wp:term":[{"taxonomy":"category","embeddable":true,"href":"https:\/\/fdnoaxaca.net\/index.php\/wp-json\/wp\/v2\/categories?post=7642"},{"taxonomy":"post_tag","embeddable":true,"href":"https:\/\/fdnoaxaca.net\/index.php\/wp-json\/wp\/v2\/tags?post=7642"}],"curies":[{"name":"wp","href":"https:\/\/api.w.org\/{rel}","templated":true}]}}