{"id":7891,"date":"2021-06-29T20:30:58","date_gmt":"2021-06-29T20:30:58","guid":{"rendered":"https:\/\/fdnoaxaca.net\/?p=7891"},"modified":"2021-06-29T20:31:01","modified_gmt":"2021-06-29T20:31:01","slug":"asesinan-a-director-de-investigaciones-de-la-aei-en-oaxaca","status":"publish","type":"post","link":"https:\/\/fdnoaxaca.net\/index.php\/2021\/06\/29\/asesinan-a-director-de-investigaciones-de-la-aei-en-oaxaca\/","title":{"rendered":"Asesinan a director de investigaciones de la AEI en Oaxaca"},"content":{"rendered":"\n<p>Oaxaca de Ju\u00e1rez, Oax., 29 de junio de 2021.- El director de Investigaciones de la Agencia Estatal de Investigaciones (AEI), Omar Sabino Chapetla Jim\u00e9nez, fue asesinado este martes en Oaxaca.<\/p>\n\n\n\n<p>El crimen sucedi\u00f3 a alrededor de las 10:30 horas de este martes sobre las riberas del Salado, cerca del puente de acceso a San Antonio de la Cal, municipio cercano a la ciudad de Oaxaca.<\/p>\n\n\n\n<p>El mando de la Fiscal\u00eda viajaba en una camioneta de color blanco, sin placas de circulaci\u00f3n, cuando fue baleado por individuos a bordo de una motocicleta, de acuerdo con fuentes policiales.<\/p>\n\n\n\n<p>Tras el homicidio, la Fiscal\u00eda General del Estado de Oaxaca (FGEO) inform\u00f3 que inici\u00f3 la carpeta de investigaci\u00f3n por el ataque armado donde fue asesinado el director de Investigaciones de la AEI.<\/p>\n\n\n\n<p>Luego de este crimen, la Fiscal\u00eda despleg\u00f3 a su personal multidisciplinario, conformado por agentes estatales de investigaci\u00f3n, peritos y agentes del Ministerio P\u00fablico, quienes se trasladaron al lugar de los hechos para realizar las diligencias pertinentes que aporten datos precisos para la identificaci\u00f3n y ubicaci\u00f3n de los agresores, as\u00ed como los dict\u00e1menes en materia pericial.<\/p>\n\n\n\n<p>Omar Sabino Chapetla Jim\u00e9nez era Licenciado en Administraci\u00f3n de Empresas y fungi\u00f3 como elemento de la Polic\u00eda Federal durante 29 a\u00f1os. En Oaxaca, caus\u00f3 alta en la AEI en septiembre de 2019, desempe\u00f1ando el cargo de subdirector y posteriormente Director de Investigaciones, cargo que desempe\u00f1\u00f3 hasta el momento de su fallecimiento.<\/p>\n\n\n\n<p>&#8220;La Fiscal\u00eda General expresa que bajo ning\u00fan motivo y por ninguna circunstancia dejar\u00e1 de aplicar la Ley con firmeza y sin distingo contra quienes resulten responsables de este crimen&#8221;, se\u00f1al\u00f3 la Instancia de procuraci\u00f3n de justicia.<\/p>\n","protected":false},"excerpt":{"rendered":"<p>Oaxaca de Ju\u00e1rez, Oax., 29 de junio de 2021.- El director de Investigaciones de la Agencia Estatal de Investigaciones (AEI), Omar Sabino Chapetla Jim\u00e9nez, fue asesinado este martes en Oaxaca. El crimen sucedi\u00f3 a alrededor de las 10:30 horas de este martes sobre las riberas del Salado, cerca del puente de acceso a San Antonio&#8230;<\/p>\n","protected":false},"author":4,"featured_media":7892,"comment_status":"closed","ping_status":"closed","sticky":false,"template":"","format":"standard","meta":{"footnotes":""},"categories":[49],"tags":[],"class_list":["post-7891","post","type-post","status-publish","format-standard","has-post-thumbnail","hentry","category-titulares"],"_links":{"self":[{"href":"https:\/\/fdnoaxaca.net\/index.php\/wp-json\/wp\/v2\/posts\/7891","targetHints":{"allow":["GET"]}}],"collection":[{"href":"https:\/\/fdnoaxaca.net\/index.php\/wp-json\/wp\/v2\/posts"}],"about":[{"href":"https:\/\/fdnoaxaca.net\/index.php\/wp-json\/wp\/v2\/types\/post"}],"author":[{"embeddable":true,"href":"https:\/\/fdnoaxaca.net\/index.php\/wp-json\/wp\/v2\/users\/4"}],"replies":[{"embeddable":true,"href":"https:\/\/fdnoaxaca.net\/index.php\/wp-json\/wp\/v2\/comments?post=7891"}],"version-history":[{"count":1,"href":"https:\/\/fdnoaxaca.net\/index.php\/wp-json\/wp\/v2\/posts\/7891\/revisions"}],"predecessor-version":[{"id":7893,"href":"https:\/\/fdnoaxaca.net\/index.php\/wp-json\/wp\/v2\/posts\/7891\/revisions\/7893"}],"wp:featuredmedia":[{"embeddable":true,"href":"https:\/\/fdnoaxaca.net\/index.php\/wp-json\/wp\/v2\/media\/7892"}],"wp:attachment":[{"href":"https:\/\/fdnoaxaca.net\/index.php\/wp-json\/wp\/v2\/media?parent=7891"}],"wp:term":[{"taxonomy":"category","embeddable":true,"href":"https:\/\/fdnoaxaca.net\/index.php\/wp-json\/wp\/v2\/categories?post=7891"},{"taxonomy":"post_tag","embeddable":true,"href":"https:\/\/fdnoaxaca.net\/index.php\/wp-json\/wp\/v2\/tags?post=7891"}],"curies":[{"name":"wp","href":"https:\/\/api.w.org\/{rel}","templated":true}]}}