{"id":7925,"date":"2021-07-02T20:14:04","date_gmt":"2021-07-02T20:14:04","guid":{"rendered":"https:\/\/fdnoaxaca.net\/?p=7925"},"modified":"2021-07-02T20:14:07","modified_gmt":"2021-07-02T20:14:07","slug":"inicia-congreso-de-oaxaca-segundo-periodo-ordinario-de-sesiones","status":"publish","type":"post","link":"https:\/\/fdnoaxaca.net\/index.php\/2021\/07\/02\/inicia-congreso-de-oaxaca-segundo-periodo-ordinario-de-sesiones\/","title":{"rendered":"Inicia Congreso de Oaxaca segundo periodo ordinario de sesiones"},"content":{"rendered":"\n<p>San Raymundo Jalpan, Oax. 2 de julio de 2021.- El Pleno de la 64 Legislatura del Congreso del estado, realiz\u00f3 la sesi\u00f3n de apertura del segundo per\u00edodo ordinario de sesiones, correspondiente al<br> tercer a\u00f1o de ejercicio constitucional.<\/p>\n\n\n\n<p>Durante este periodo que comprende del 1 de julio al pr\u00f3ximo 30 de septiembre, se desarrollar\u00e1n las sesiones ordinarias, solemnes, permanentes o extraordinarias que se consideren necesarias para cumplir con la actividad legislativa.<\/p>\n\n\n\n<p>En sesi\u00f3n previa, se clausuraron lo trabajos de la Diputaci\u00f3n Permanente. En el acto, la congresista Griselda Sosa V\u00e1squez, emiti\u00f3 un informe de actividades.<\/p>\n\n\n\n<p>Detall\u00f3 que, durante este periodo de funciones, se turn\u00f3 a las comisiones respectivas 94 asuntos, de los cuales 69 fueron iniciativas con proyecto de decreto y 25 proposiciones con punto de acuerdo y acuerdos parlamentarios.<\/p>\n\n\n\n<p>Tambi\u00e9n fueron recibidos 227 asuntos entre exhortos de urgente y obvia resoluci\u00f3n, dict\u00e1menes en primera y segunda lectura, y se aprobaron ocho resoluciones, de ellos cinco decretos y tres acuerdos.<\/p>\n\n\n\n<p>Durante el primer periodo de receso legislativo, la Diputaci\u00f3n Permanente celebr\u00f3 17 sesiones plenarias entre ordinarias y sesiones de periodos extraordinarios.<\/p>\n\n\n\n<p>Este \u00f3rgano deliberativo fue presidido por la diputada Griselda Sosa V\u00e1squez, e integrado por las congresistas Aleida Tonelly Serrano Rosado, Maritza Escarl\u00e9t V\u00e1squez Guerra, Migdalia Espinosa Manuel y el diputado Emilio Joaqu\u00edn Garc\u00eda Aguilar, quienes coordinaron los trabajos del Parlamento oaxaque\u00f1o durante el primer periodo de receso comprendido del 15 de abril al 01 de julio del presente a\u00f1o.<\/p>\n","protected":false},"excerpt":{"rendered":"<p>San Raymundo Jalpan, Oax. 2 de julio de 2021.- El Pleno de la 64 Legislatura del Congreso del estado, realiz\u00f3 la sesi\u00f3n de apertura del segundo per\u00edodo ordinario de sesiones, correspondiente al tercer a\u00f1o de ejercicio constitucional. Durante este periodo que comprende del 1 de julio al pr\u00f3ximo 30 de septiembre, se desarrollar\u00e1n las sesiones&#8230;<\/p>\n","protected":false},"author":4,"featured_media":7926,"comment_status":"closed","ping_status":"closed","sticky":false,"template":"","format":"standard","meta":{"footnotes":""},"categories":[4],"tags":[],"class_list":["post-7925","post","type-post","status-publish","format-standard","has-post-thumbnail","hentry","category-general"],"_links":{"self":[{"href":"https:\/\/fdnoaxaca.net\/index.php\/wp-json\/wp\/v2\/posts\/7925","targetHints":{"allow":["GET"]}}],"collection":[{"href":"https:\/\/fdnoaxaca.net\/index.php\/wp-json\/wp\/v2\/posts"}],"about":[{"href":"https:\/\/fdnoaxaca.net\/index.php\/wp-json\/wp\/v2\/types\/post"}],"author":[{"embeddable":true,"href":"https:\/\/fdnoaxaca.net\/index.php\/wp-json\/wp\/v2\/users\/4"}],"replies":[{"embeddable":true,"href":"https:\/\/fdnoaxaca.net\/index.php\/wp-json\/wp\/v2\/comments?post=7925"}],"version-history":[{"count":1,"href":"https:\/\/fdnoaxaca.net\/index.php\/wp-json\/wp\/v2\/posts\/7925\/revisions"}],"predecessor-version":[{"id":7927,"href":"https:\/\/fdnoaxaca.net\/index.php\/wp-json\/wp\/v2\/posts\/7925\/revisions\/7927"}],"wp:featuredmedia":[{"embeddable":true,"href":"https:\/\/fdnoaxaca.net\/index.php\/wp-json\/wp\/v2\/media\/7926"}],"wp:attachment":[{"href":"https:\/\/fdnoaxaca.net\/index.php\/wp-json\/wp\/v2\/media?parent=7925"}],"wp:term":[{"taxonomy":"category","embeddable":true,"href":"https:\/\/fdnoaxaca.net\/index.php\/wp-json\/wp\/v2\/categories?post=7925"},{"taxonomy":"post_tag","embeddable":true,"href":"https:\/\/fdnoaxaca.net\/index.php\/wp-json\/wp\/v2\/tags?post=7925"}],"curies":[{"name":"wp","href":"https:\/\/api.w.org\/{rel}","templated":true}]}}