{"id":7957,"date":"2021-07-07T22:01:19","date_gmt":"2021-07-07T22:01:19","guid":{"rendered":"https:\/\/fdnoaxaca.net\/?p=7957"},"modified":"2021-07-07T22:01:22","modified_gmt":"2021-07-07T22:01:22","slug":"desaparece-nina-de-dos-anos-en-oaxaca-activan-alerta-rosa-para-buscarla","status":"publish","type":"post","link":"https:\/\/fdnoaxaca.net\/index.php\/2021\/07\/07\/desaparece-nina-de-dos-anos-en-oaxaca-activan-alerta-rosa-para-buscarla\/","title":{"rendered":"Desaparece ni\u00f1a de dos a\u00f1os en Oaxaca; activan Alerta Rosa para buscarla"},"content":{"rendered":"\n<p>Oaxaca de Ju\u00e1rez, Oax. 7 de julio de 2021.- La menor Mayt\u00e9 Alejandra Ju\u00e1rez N\u00fa\u00f1ez, de dos a\u00f1os de edad, desapareci\u00f3 en la Sierra Sur de Oaxaca, y para su b\u00fasqueda fue activada la Alerta Rosa.<\/p>\n\n\n\n<p>La ni\u00f1a de dos a\u00f1os y 11 meses de edad, fue vista por \u00faltima vez el 5 de julio de 2021 en la localidad de Iturbide, en Santa Cruz Itundujia, perteneciente a Putla, en la regi\u00f3n de la Costa, inform\u00f3 la Fiscal\u00eda General del estado de Oaxaca.<\/p>\n\n\n\n<p>Es de complexi\u00f3n delgada, mide aproximadamente 90 cent\u00edmetros, es de tez morena clara, cara redonda, frente amplia, labios delgados, ment\u00f3n cuadrado, cabello lacio, corto y de color casta\u00f1o oscuro; como se\u00f1a particular, tiene una deformaci\u00f3n en el o\u00eddo derecho. <\/p>\n\n\n\n<p>La Unidad de Personas No Localizadas, de la Fiscal\u00eda, puso a disposici\u00f3n los n\u00fameros telef\u00f3nicos 01 800 00 77 628 y 951 164 64 34, para que la sociedad aporte informaci\u00f3n para su localizaci\u00f3n.<\/p>\n","protected":false},"excerpt":{"rendered":"<p>Oaxaca de Ju\u00e1rez, Oax. 7 de julio de 2021.- La menor Mayt\u00e9 Alejandra Ju\u00e1rez N\u00fa\u00f1ez, de dos a\u00f1os de edad, desapareci\u00f3 en la Sierra Sur de Oaxaca, y para su b\u00fasqueda fue activada la Alerta Rosa. La ni\u00f1a de dos a\u00f1os y 11 meses de edad, fue vista por \u00faltima vez el 5 de julio&#8230;<\/p>\n","protected":false},"author":4,"featured_media":7958,"comment_status":"closed","ping_status":"closed","sticky":false,"template":"","format":"standard","meta":{"footnotes":""},"categories":[49],"tags":[],"class_list":["post-7957","post","type-post","status-publish","format-standard","has-post-thumbnail","hentry","category-titulares"],"_links":{"self":[{"href":"https:\/\/fdnoaxaca.net\/index.php\/wp-json\/wp\/v2\/posts\/7957","targetHints":{"allow":["GET"]}}],"collection":[{"href":"https:\/\/fdnoaxaca.net\/index.php\/wp-json\/wp\/v2\/posts"}],"about":[{"href":"https:\/\/fdnoaxaca.net\/index.php\/wp-json\/wp\/v2\/types\/post"}],"author":[{"embeddable":true,"href":"https:\/\/fdnoaxaca.net\/index.php\/wp-json\/wp\/v2\/users\/4"}],"replies":[{"embeddable":true,"href":"https:\/\/fdnoaxaca.net\/index.php\/wp-json\/wp\/v2\/comments?post=7957"}],"version-history":[{"count":1,"href":"https:\/\/fdnoaxaca.net\/index.php\/wp-json\/wp\/v2\/posts\/7957\/revisions"}],"predecessor-version":[{"id":7959,"href":"https:\/\/fdnoaxaca.net\/index.php\/wp-json\/wp\/v2\/posts\/7957\/revisions\/7959"}],"wp:featuredmedia":[{"embeddable":true,"href":"https:\/\/fdnoaxaca.net\/index.php\/wp-json\/wp\/v2\/media\/7958"}],"wp:attachment":[{"href":"https:\/\/fdnoaxaca.net\/index.php\/wp-json\/wp\/v2\/media?parent=7957"}],"wp:term":[{"taxonomy":"category","embeddable":true,"href":"https:\/\/fdnoaxaca.net\/index.php\/wp-json\/wp\/v2\/categories?post=7957"},{"taxonomy":"post_tag","embeddable":true,"href":"https:\/\/fdnoaxaca.net\/index.php\/wp-json\/wp\/v2\/tags?post=7957"}],"curies":[{"name":"wp","href":"https:\/\/api.w.org\/{rel}","templated":true}]}}