{"id":8021,"date":"2021-07-17T02:45:52","date_gmt":"2021-07-17T02:45:52","guid":{"rendered":"https:\/\/fdnoaxaca.net\/?p=8021"},"modified":"2021-07-17T02:45:55","modified_gmt":"2021-07-17T02:45:55","slug":"oaxaca-relajo-medidas-y-hoy-enfrenta-un-incremento-del-34-en-casos-de-covid-19","status":"publish","type":"post","link":"https:\/\/fdnoaxaca.net\/index.php\/2021\/07\/17\/oaxaca-relajo-medidas-y-hoy-enfrenta-un-incremento-del-34-en-casos-de-covid-19\/","title":{"rendered":"Oaxaca relaj\u00f3 medidas y hoy enfrenta un incremento del 34% en casos de Covid-19"},"content":{"rendered":"\n<p>Oaxaca de Ju\u00e1rez, Oax. 16 de julio de 2021.-  El estado de Oaxaca relaj\u00f3 las medidas de prevenci\u00f3n contra el Covid-19 y actualmente enfrenta un 34 por ciento de aumento en los casos nuevos de contagio, revel\u00f3 Yuko Nakamura L\u00f3pez, jefa de la Unidad de Epidemiolog\u00eda de los Servicios de Salud del estado.<\/p>\n\n\n\n<p>Se\u00f1al\u00f3 que durante el sem\u00e1foro verde la poblaci\u00f3n se confi\u00f3 y dej\u00f3 de usar cubrebocas en reuniones, fiestas y manifestaciones.<\/p>\n\n\n\n<p>\u201cHemos observado el incremento de casos desde hace ya algunas semanas. A partir de la semana 21 y 22, que comprenden de finales de mayo y primeros de junio, todav\u00eda est\u00e1bamos con cifras bajas, pero a partir de la semana 24 empezamos a observar un incremento. Los datos m\u00e1s estables que tenemos es a la semana 26&#8243;, declar\u00f3 en entrevista para el Instituto Mexicano de la Radio (IMER).<\/p>\n\n\n\n<p>Indic\u00f3 que anteriormente cada semana se contabilizaban 189 casos positivos, pero actualmente en el estado han aumentado hasta 846 casos nuevos.<\/p>\n\n\n\n<p>Oaxaca lleg\u00f3 a los 50 mil 949 casos positivos acumulados de Covid-19, de los cuales 4 mil 24 corresponden a decesos asociados a la enfermedad.<\/p>\n\n\n\n<p>En la entidad se reportaron mil 354 casos activos de coronavirus, la cifra m\u00e1s alta registrada durante toda la emergencia sanitaria en la entidad, indic\u00f3.<\/p>\n\n\n\n<p>Inform\u00f3 adem\u00e1s que en Oaxaca est\u00e1 aumentando el contagio en los adolescentes y j\u00f3venes, de 15 a 24 a\u00f1os.<\/p>\n\n\n\n<p>La funcionaria reconoci\u00f3 adem\u00e1s el incremento en la ocupaci\u00f3n hospitalaria, que este viernes registr\u00f3 el 45.4%, sin embargo, asegur\u00f3 que a\u00fan no se ha llegado al l\u00edmite.<\/p>\n\n\n\n<p>Son el Istmo de Tehuantepec y Valles Centrales (principalmente ciudad de Oaxaca y zona conurbada), donde se registra el mayor contagio de Covid-19.<\/p>\n\n\n\n<p>\u201cObservamos en esta regi\u00f3n que se relajaron mucho las medidas. Oaxaca ha estado desde hace varias semanas, meses ya, en sem\u00e1foro verde y esto ha hecho que la poblaci\u00f3n se conf\u00ede. La poblaci\u00f3n se relaj\u00f3 y empezamos a ver eventos, fiestas, las llamadas velas en el Istmo, comenzamos a ver manifestaciones&#8221;, declar\u00f3.<\/p>\n","protected":false},"excerpt":{"rendered":"<p>Oaxaca de Ju\u00e1rez, Oax. 16 de julio de 2021.- El estado de Oaxaca relaj\u00f3 las medidas de prevenci\u00f3n contra el Covid-19 y actualmente enfrenta un 34 por ciento de aumento en los casos nuevos de contagio, revel\u00f3 Yuko Nakamura L\u00f3pez, jefa de la Unidad de Epidemiolog\u00eda de los Servicios de Salud del estado. Se\u00f1al\u00f3 que&#8230;<\/p>\n","protected":false},"author":4,"featured_media":8023,"comment_status":"closed","ping_status":"closed","sticky":false,"template":"","format":"standard","meta":{"footnotes":""},"categories":[49],"tags":[],"class_list":["post-8021","post","type-post","status-publish","format-standard","has-post-thumbnail","hentry","category-titulares"],"_links":{"self":[{"href":"https:\/\/fdnoaxaca.net\/index.php\/wp-json\/wp\/v2\/posts\/8021","targetHints":{"allow":["GET"]}}],"collection":[{"href":"https:\/\/fdnoaxaca.net\/index.php\/wp-json\/wp\/v2\/posts"}],"about":[{"href":"https:\/\/fdnoaxaca.net\/index.php\/wp-json\/wp\/v2\/types\/post"}],"author":[{"embeddable":true,"href":"https:\/\/fdnoaxaca.net\/index.php\/wp-json\/wp\/v2\/users\/4"}],"replies":[{"embeddable":true,"href":"https:\/\/fdnoaxaca.net\/index.php\/wp-json\/wp\/v2\/comments?post=8021"}],"version-history":[{"count":1,"href":"https:\/\/fdnoaxaca.net\/index.php\/wp-json\/wp\/v2\/posts\/8021\/revisions"}],"predecessor-version":[{"id":8024,"href":"https:\/\/fdnoaxaca.net\/index.php\/wp-json\/wp\/v2\/posts\/8021\/revisions\/8024"}],"wp:featuredmedia":[{"embeddable":true,"href":"https:\/\/fdnoaxaca.net\/index.php\/wp-json\/wp\/v2\/media\/8023"}],"wp:attachment":[{"href":"https:\/\/fdnoaxaca.net\/index.php\/wp-json\/wp\/v2\/media?parent=8021"}],"wp:term":[{"taxonomy":"category","embeddable":true,"href":"https:\/\/fdnoaxaca.net\/index.php\/wp-json\/wp\/v2\/categories?post=8021"},{"taxonomy":"post_tag","embeddable":true,"href":"https:\/\/fdnoaxaca.net\/index.php\/wp-json\/wp\/v2\/tags?post=8021"}],"curies":[{"name":"wp","href":"https:\/\/api.w.org\/{rel}","templated":true}]}}