{"id":8028,"date":"2021-07-19T02:49:06","date_gmt":"2021-07-19T02:49:06","guid":{"rendered":"https:\/\/fdnoaxaca.net\/?p=8028"},"modified":"2021-07-19T02:49:09","modified_gmt":"2021-07-19T02:49:09","slug":"pasa-oaxaca-a-semaforo-amarillo-ante-incremento-de-contagios-por-covid-19","status":"publish","type":"post","link":"https:\/\/fdnoaxaca.net\/index.php\/2021\/07\/19\/pasa-oaxaca-a-semaforo-amarillo-ante-incremento-de-contagios-por-covid-19\/","title":{"rendered":"Pasa Oaxaca a sem\u00e1foro amarillo ante incremento de contagios por Covid-19"},"content":{"rendered":"\n<p>Oaxaca de Ju\u00e1rez, Oax. 18 de julio de 2021.-  Debido al incremento de casos de contagio de Covid-19 en Oaxaca, el estado pasa a color amarillo en el sem\u00e1foro epidemiol\u00f3gico de riesgo.<\/p>\n\n\n\n<p>De acuerdo con la medici\u00f3n de los indicadores de riesgo establecidos por el Gobierno Federal, del 19 de julio hasta el 1 de agosto, la entidad estar\u00e1 en sem\u00e1foro epidemiol\u00f3gico color amarillo, informaron los Servicios de Salud de Oaxaca.<\/p>\n\n\n\n<p>\u201cEsto significa que el riesgo de contagio por Covid-19 es medio, sin embargo, debemos continuar aplicando las medidas de prevenci\u00f3n, pues solo as\u00ed podremos frenar los contagios, defunciones, casos activos y hospitalizaciones por el virus SARS-CoV-2\u201d, se\u00f1al\u00f3.<\/p>\n\n\n\n<p>En este sentido, cada autoridad municipal, de acuerdo con la informaci\u00f3n epidemiol\u00f3gica local deber\u00e1 tomar las acciones pertinentes para frenar el incremento de casos por el coronavirus.<\/p>\n\n\n\n<p>Durante la semana del 11 al 17 de julio, la entidad registr\u00f3 un acumulado de 51 mil 183 casos confirmados de Covid-19, observando un aumento con respecto a la semana anterior, pasando de 852 a  mil 414 casos reportados en la semana.<\/p>\n\n\n\n<p>La red hospitalaria para la atenci\u00f3n de pacientes con Covid-19 registr\u00f3 un aumento del 11.4% en el n\u00famero de hospitalizados en comparaci\u00f3n con la semana anterior, por lo que la ocupaci\u00f3n promedio fue de 39.7%.<\/p>\n\n\n\n<p>Esta semana se reportaron 40 fallecimientos a causa de la enfermedad.<\/p>\n\n\n\n<p>Asimismo, destac\u00f3 que, siguiendo la Estrategia de la Pol\u00edtica Nacional de Vacunaci\u00f3n contra el virus SARS-CoV-2 para la prevenci\u00f3n de la COVID-19 en M\u00e9xico, esta semana se recibieron 29 mil dosis de vacunas CanSino, 53 mil 800 de AstraZeneca y 76 mil SinoVac. <\/p>\n\n\n\n<p>Adem\u00e1s, se aplicaron m\u00e1s de 120 mil primeras y segundas dosis de los biol\u00f3gicos AstraZeneca, Pfizer-BioNTech, Sinovac y unidosis Cansino a poblaci\u00f3n de 30 a 39 a\u00f1os, 40 a 49 a\u00f1os y 50 a 59 a\u00f1os en municipios de la Sierra Sur, Istmo de Tehuantepec y Cuenca del Papaloapan. <\/p>\n\n\n\n<p>\u201cEs muy importante recordarles que independientemente del color en el sem\u00e1foro epidemiol\u00f3gico o de haber recibido la vacuna, debemos seguir cuid\u00e1ndonos y aplicar las medidas b\u00e1sicas de prevenci\u00f3n como son: el uso correcto de cubrebocas, lavado frecuente de manos, mantener la sana distancia y evitar acudir a lugares concurridos\u201d, enfatiz\u00f3.<\/p>\n\n\n\n<p>Son m\u00e1s de 50 mil personas que han enfermado a causa del Covid-19 en territorio oaxaque\u00f1o, la cifra tambi\u00e9n rebasa los cuatro mil, que han perdido la vida.<\/p>\n\n\n\n<p>Al respecto, los Servicios de Salud reiteraron que \u201cno es tiempo de confiarse, ni relajar las medidas de mitigaci\u00f3n. La \u00fanica v\u00eda en que podemos reducir la velocidad de los contagios y cortar la cadena de transmisi\u00f3n, es protegi\u00e9ndonos y actuando de manera responsable\u201d. <\/p>\n","protected":false},"excerpt":{"rendered":"<p>Oaxaca de Ju\u00e1rez, Oax. 18 de julio de 2021.- Debido al incremento de casos de contagio de Covid-19 en Oaxaca, el estado pasa a color amarillo en el sem\u00e1foro epidemiol\u00f3gico de riesgo. De acuerdo con la medici\u00f3n de los indicadores de riesgo establecidos por el Gobierno Federal, del 19 de julio hasta el 1 de&#8230;<\/p>\n","protected":false},"author":4,"featured_media":8029,"comment_status":"closed","ping_status":"closed","sticky":false,"template":"","format":"standard","meta":{"footnotes":""},"categories":[49],"tags":[],"class_list":["post-8028","post","type-post","status-publish","format-standard","has-post-thumbnail","hentry","category-titulares"],"_links":{"self":[{"href":"https:\/\/fdnoaxaca.net\/index.php\/wp-json\/wp\/v2\/posts\/8028","targetHints":{"allow":["GET"]}}],"collection":[{"href":"https:\/\/fdnoaxaca.net\/index.php\/wp-json\/wp\/v2\/posts"}],"about":[{"href":"https:\/\/fdnoaxaca.net\/index.php\/wp-json\/wp\/v2\/types\/post"}],"author":[{"embeddable":true,"href":"https:\/\/fdnoaxaca.net\/index.php\/wp-json\/wp\/v2\/users\/4"}],"replies":[{"embeddable":true,"href":"https:\/\/fdnoaxaca.net\/index.php\/wp-json\/wp\/v2\/comments?post=8028"}],"version-history":[{"count":1,"href":"https:\/\/fdnoaxaca.net\/index.php\/wp-json\/wp\/v2\/posts\/8028\/revisions"}],"predecessor-version":[{"id":8030,"href":"https:\/\/fdnoaxaca.net\/index.php\/wp-json\/wp\/v2\/posts\/8028\/revisions\/8030"}],"wp:featuredmedia":[{"embeddable":true,"href":"https:\/\/fdnoaxaca.net\/index.php\/wp-json\/wp\/v2\/media\/8029"}],"wp:attachment":[{"href":"https:\/\/fdnoaxaca.net\/index.php\/wp-json\/wp\/v2\/media?parent=8028"}],"wp:term":[{"taxonomy":"category","embeddable":true,"href":"https:\/\/fdnoaxaca.net\/index.php\/wp-json\/wp\/v2\/categories?post=8028"},{"taxonomy":"post_tag","embeddable":true,"href":"https:\/\/fdnoaxaca.net\/index.php\/wp-json\/wp\/v2\/tags?post=8028"}],"curies":[{"name":"wp","href":"https:\/\/api.w.org\/{rel}","templated":true}]}}