{"id":8032,"date":"2021-07-22T21:30:04","date_gmt":"2021-07-22T21:30:04","guid":{"rendered":"https:\/\/fdnoaxaca.net\/?p=8032"},"modified":"2021-07-22T21:30:07","modified_gmt":"2021-07-22T21:30:07","slug":"fallece-exfiscal-de-oaxaca-a-causa-de-covid-19","status":"publish","type":"post","link":"https:\/\/fdnoaxaca.net\/index.php\/2021\/07\/22\/fallece-exfiscal-de-oaxaca-a-causa-de-covid-19\/","title":{"rendered":"Fallece exfiscal de Oaxaca a causa de Covid-19"},"content":{"rendered":"\n<p>Oaxaca de Ju\u00e1rez, Oax. 22 de julio de 2021.- El exfiscal general de Oaxaca, H\u00e9ctor Joaqu\u00edn Carrillo Ruiz, muri\u00f3 este jueves a causa de Covid-19.<\/p>\n\n\n\n<p>El gobernador Alejandro Murat Hinojosa confirm\u00f3 el fallecimiento del exfiscal, quien estuvo al frente de la Fiscal\u00eda General de Justicia del estado, de 2015 a 2017; y anteriormente cuando la instancia operaba como Procuradur\u00eda, fue titular de 2013 a 2015.<\/p>\n\n\n\n<p>El exfuncionario se encontraba hospitalizado en San Pedro Pochutla, en la regi\u00f3n de la Costa de Oaxaca, debido a las complicaciones en su salud.<\/p>\n\n\n\n<p>H\u00e9ctor Joaqu\u00edn Carrillo Ruiz curs\u00f3 su licenciatura en la Facultad de Derecho de la UABJO en 1994, y posteriormente su posgrado en la Academia de Formaci\u00f3n Profesional de la Procuradur\u00eda General de Justicia de Oaxaca, con la maestr\u00eda en Ciencias Penales con Especializaci\u00f3n en Ciencia Jur\u00eddico Penal.<\/p>\n\n\n\n<p>Ingres\u00f3 a laborar en la Procuradur\u00eda de Oaxaca en 1996, como Secretario Ministerial.<\/p>\n","protected":false},"excerpt":{"rendered":"<p>Oaxaca de Ju\u00e1rez, Oax. 22 de julio de 2021.- El exfiscal general de Oaxaca, H\u00e9ctor Joaqu\u00edn Carrillo Ruiz, muri\u00f3 este jueves a causa de Covid-19. El gobernador Alejandro Murat Hinojosa confirm\u00f3 el fallecimiento del exfiscal, quien estuvo al frente de la Fiscal\u00eda General de Justicia del estado, de 2015 a 2017; y anteriormente cuando la&#8230;<\/p>\n","protected":false},"author":4,"featured_media":8033,"comment_status":"closed","ping_status":"closed","sticky":false,"template":"","format":"standard","meta":{"footnotes":""},"categories":[49],"tags":[],"class_list":["post-8032","post","type-post","status-publish","format-standard","has-post-thumbnail","hentry","category-titulares"],"_links":{"self":[{"href":"https:\/\/fdnoaxaca.net\/index.php\/wp-json\/wp\/v2\/posts\/8032","targetHints":{"allow":["GET"]}}],"collection":[{"href":"https:\/\/fdnoaxaca.net\/index.php\/wp-json\/wp\/v2\/posts"}],"about":[{"href":"https:\/\/fdnoaxaca.net\/index.php\/wp-json\/wp\/v2\/types\/post"}],"author":[{"embeddable":true,"href":"https:\/\/fdnoaxaca.net\/index.php\/wp-json\/wp\/v2\/users\/4"}],"replies":[{"embeddable":true,"href":"https:\/\/fdnoaxaca.net\/index.php\/wp-json\/wp\/v2\/comments?post=8032"}],"version-history":[{"count":1,"href":"https:\/\/fdnoaxaca.net\/index.php\/wp-json\/wp\/v2\/posts\/8032\/revisions"}],"predecessor-version":[{"id":8034,"href":"https:\/\/fdnoaxaca.net\/index.php\/wp-json\/wp\/v2\/posts\/8032\/revisions\/8034"}],"wp:featuredmedia":[{"embeddable":true,"href":"https:\/\/fdnoaxaca.net\/index.php\/wp-json\/wp\/v2\/media\/8033"}],"wp:attachment":[{"href":"https:\/\/fdnoaxaca.net\/index.php\/wp-json\/wp\/v2\/media?parent=8032"}],"wp:term":[{"taxonomy":"category","embeddable":true,"href":"https:\/\/fdnoaxaca.net\/index.php\/wp-json\/wp\/v2\/categories?post=8032"},{"taxonomy":"post_tag","embeddable":true,"href":"https:\/\/fdnoaxaca.net\/index.php\/wp-json\/wp\/v2\/tags?post=8032"}],"curies":[{"name":"wp","href":"https:\/\/api.w.org\/{rel}","templated":true}]}}