{"id":8036,"date":"2021-07-24T23:07:44","date_gmt":"2021-07-24T23:07:44","guid":{"rendered":"https:\/\/fdnoaxaca.net\/?p=8036"},"modified":"2021-07-24T23:07:48","modified_gmt":"2021-07-24T23:07:48","slug":"vive-oaxaca-tercera-ola-de-contagio-de-covid-19-hay-1690-casos-activos","status":"publish","type":"post","link":"https:\/\/fdnoaxaca.net\/index.php\/2021\/07\/24\/vive-oaxaca-tercera-ola-de-contagio-de-covid-19-hay-1690-casos-activos\/","title":{"rendered":"Vive Oaxaca tercera ola de contagio de Covid-19; hay 1,690 casos activos"},"content":{"rendered":"\n<p>Oaxaca de Ju\u00e1rez, Oax. 24 de julio de 2021.- Oaxaca vive una tercera ola de contagios a causa de la pandemia por Covid-19, ante el incremento acelerado de infecciones y casos activos en la entidad, con alta prevalencia en las regiones de Valles Centrales, Costa, Istmo de Tehuantepec y Cuenca del Papaloapan, se\u00f1alaron los Servicios de Salud de Oaxaca (SSO).<\/p>\n\n\n\n<p>La dependencia inform\u00f3 que el viernes la entidad lleg\u00f3 a un r\u00e9cord de mil 690 casos activos, cifra que no se hab\u00eda observado durante la evoluci\u00f3n de la pandemia en territorio estatal, esta situaci\u00f3n fue determinante para que el Consejo Nacional de Salud (CONASA) modificara el sem\u00e1foro de riesgo epidemiol\u00f3gico para el estado a color naranja del 26 de julio al 8 de agosto del presente a\u00f1o, lo que significa que el riesgo es alto.<\/p>\n\n\n\n<p>Ante este panorama, el sector Salud reitera el llamado a las autoridades municipales para que asuman la responsabilidad que les corresponde en la vigilancia y aplicaci\u00f3n estricta de las medidas sanitarias para cortar la r\u00e1pida propagaci\u00f3n del virus SARS-CoV-2, en sus 13 variantes que circulan en el estado.<\/p>\n\n\n\n<p>La dependencia precisa que cada autoridad municipal tiene la capacidad de tomar las acciones pertinentes, dependiendo de la incidencia de casos y fallecimientos a nivel local, ya que esto permitir\u00e1 proteger a sus habitantes.<\/p>\n\n\n\n<p>De esta manera, se alerta tambi\u00e9n a la poblaci\u00f3n, particularmente a la juventud para que evite las aglomeraciones en espacios cerrados, utilice de forma obligatoria el cubrebocas y apliquen en el espacio p\u00fablico la sana distancia, pues la reducci\u00f3n o aumento de contagios y muertes depender\u00e1 de la disciplina y responsabilidad de todos.<\/p>\n\n\n\n<p>Por otro lado, los Servicios de Salud reconocieron el apoyo de los municipios y habitantes en sumarse a este gran esfuerzo colectivo, con la finalidad de contener la pandemia, en algunas demarcaciones se han endurecido incluso las medidas sanitarias con resultados favorables, como es el caso de las 71 comunidades que est\u00e1n libres de Covid-19.<\/p>\n\n\n\n<p>La instituci\u00f3n se\u00f1ala que, de acuerdo con los registros del avance de la pandemia, el 7 de junio se reportaron 47 mil 457 casos acumulados y al corte del 23 de julio, la cifra fue de 52 mil 574 casos acumulados, lo que significa que el incremento en este periodo es del 10.7%, que corresponde a cinco mil 117 personas contagiadas; adem\u00e1s de un promedio de 230 casos notificados por d\u00eda y siete decesos, asimismo, la cifra de hospitales saturados lleg\u00f3 arriba del 40%.<\/p>\n\n\n\n<p>La dependencia hace hincapi\u00e9 en que a la fecha la emergencia sanitaria ha cobrado la vida de m\u00e1s de cuatro mil personas en Oaxaca, adem\u00e1s de dejar m\u00faltiples secuelas en la salud y la econom\u00eda de las familias.<\/p>\n\n\n\n<p>En este sentido, pide a los oaxaque\u00f1os acudir a valoraci\u00f3n m\u00e9dica de manera oportuna en caso de presentar cualquier s\u00edntoma asociado a este virus, as\u00ed como, evitar salir de casa, pues toda enfermedad respiratoria por leve que se presente puede ser SARS-CoV-2, hasta no tener un diagn\u00f3stico que lo descarte o compruebe.<\/p>\n\n\n\n<p>Asimismo, se recomienda cuidar de la salud de aquellas personas que se consideran grupos de alto riesgo, espec\u00edficamente pacientes con enfermedades cr\u00f3nico-degenerativas, mantener las cifras de presi\u00f3n arterial y glucosa lo m\u00e1s controladas posible, para minimizar posibles complicaciones.<\/p>\n","protected":false},"excerpt":{"rendered":"<p>Oaxaca de Ju\u00e1rez, Oax. 24 de julio de 2021.- Oaxaca vive una tercera ola de contagios a causa de la pandemia por Covid-19, ante el incremento acelerado de infecciones y casos activos en la entidad, con alta prevalencia en las regiones de Valles Centrales, Costa, Istmo de Tehuantepec y Cuenca del Papaloapan, se\u00f1alaron los Servicios&#8230;<\/p>\n","protected":false},"author":4,"featured_media":8037,"comment_status":"closed","ping_status":"closed","sticky":false,"template":"","format":"standard","meta":{"footnotes":""},"categories":[49],"tags":[],"class_list":["post-8036","post","type-post","status-publish","format-standard","has-post-thumbnail","hentry","category-titulares"],"_links":{"self":[{"href":"https:\/\/fdnoaxaca.net\/index.php\/wp-json\/wp\/v2\/posts\/8036","targetHints":{"allow":["GET"]}}],"collection":[{"href":"https:\/\/fdnoaxaca.net\/index.php\/wp-json\/wp\/v2\/posts"}],"about":[{"href":"https:\/\/fdnoaxaca.net\/index.php\/wp-json\/wp\/v2\/types\/post"}],"author":[{"embeddable":true,"href":"https:\/\/fdnoaxaca.net\/index.php\/wp-json\/wp\/v2\/users\/4"}],"replies":[{"embeddable":true,"href":"https:\/\/fdnoaxaca.net\/index.php\/wp-json\/wp\/v2\/comments?post=8036"}],"version-history":[{"count":1,"href":"https:\/\/fdnoaxaca.net\/index.php\/wp-json\/wp\/v2\/posts\/8036\/revisions"}],"predecessor-version":[{"id":8038,"href":"https:\/\/fdnoaxaca.net\/index.php\/wp-json\/wp\/v2\/posts\/8036\/revisions\/8038"}],"wp:featuredmedia":[{"embeddable":true,"href":"https:\/\/fdnoaxaca.net\/index.php\/wp-json\/wp\/v2\/media\/8037"}],"wp:attachment":[{"href":"https:\/\/fdnoaxaca.net\/index.php\/wp-json\/wp\/v2\/media?parent=8036"}],"wp:term":[{"taxonomy":"category","embeddable":true,"href":"https:\/\/fdnoaxaca.net\/index.php\/wp-json\/wp\/v2\/categories?post=8036"},{"taxonomy":"post_tag","embeddable":true,"href":"https:\/\/fdnoaxaca.net\/index.php\/wp-json\/wp\/v2\/tags?post=8036"}],"curies":[{"name":"wp","href":"https:\/\/api.w.org\/{rel}","templated":true}]}}