{"id":8063,"date":"2021-07-28T05:06:48","date_gmt":"2021-07-28T05:06:48","guid":{"rendered":"https:\/\/fdnoaxaca.net\/?p=8063"},"modified":"2021-07-28T05:06:52","modified_gmt":"2021-07-28T05:06:52","slug":"despues-de-retencion-de-edil-comunidad-pide-revocacion-de-mandato-en-ayuquila","status":"publish","type":"post","link":"https:\/\/fdnoaxaca.net\/index.php\/2021\/07\/28\/despues-de-retencion-de-edil-comunidad-pide-revocacion-de-mandato-en-ayuquila\/","title":{"rendered":"Despu\u00e9s de retenci\u00f3n de edil, comunidad pide revocaci\u00f3n de mandato en Ayuquila"},"content":{"rendered":"\n<p>San Jos\u00e9 Ayuquila, Oax. 28 de julio de 2021.- Despu\u00e9s de retener al edil de San Jos\u00e9 Ayuquila, Mois\u00e9s Cari\u00f1o R\u00edos, ahora la comunidad de este municipio de Oaxaca exige la revocaci\u00f3n de mandato. <\/p>\n\n\n\n<p>La Secretar\u00eda General de Gobierno (Segego) inform\u00f3 la noche de este martes, que se reunieron con los habitantes de San Jos\u00e9 Ayuquila para intervenir en la liberaci\u00f3n del mun\u00edcipe, encarcelado por la poblaci\u00f3n desde el lunes 26 de julio. <\/p>\n\n\n\n<p>Indic\u00f3 que junto con la Coordinaci\u00f3n de Atenci\u00f3n Regional (Cgar), se trasladaron a ese municipio de la regi\u00f3n de la Mixteca, para instalar una mesa de di\u00e1logo con la comisi\u00f3n ciudadana de los barrios de la comunidad, el presidente municipal e integrantes del cabildo.<\/p>\n\n\n\n<p>Una vez instalada la mesa de di\u00e1logo con la comisi\u00f3n ciudadana de los barrios de la comunidad, inform\u00f3, se invit\u00f3 de manera directa al edil a participar para conciliar la problem\u00e1tica, mismo que se neg\u00f3, manifestando de manera p\u00fablica que no est\u00e1 conforme y no participar\u00eda en el di\u00e1logo, solicitando que su situaci\u00f3n se trate por la v\u00eda jur\u00eddica.<\/p>\n\n\n\n<p>Por su parte, la comisi\u00f3n ciudadana de los barrios de la comunidad, manifestaron no querer tener ning\u00fan trato con el edil, toda vez que ante los hechos violentos que presuntamente gener\u00f3 en d\u00edas pasados y ante las amenazas de muerte, puso en peligro la vida de los ciudadanos; ante ello, solicitaron se inicie el proceso de revocaci\u00f3n de mandato ante las instancias correspondientes.<\/p>\n\n\n\n<p>As\u00ed mismo, la comisi\u00f3n acord\u00f3, emitir la convocatoria para realizar la asamblea general de ciudadanos del municipio, para tomar acuerdos sobre la revocaci\u00f3n de mandato.<\/p>\n\n\n\n<p>Al finalizar la mesa de di\u00e1logo, los representantes de la Segego y Cgar, acordaron con la comisi\u00f3n ciudadana de los barrios, instalar una mesa de di\u00e1logo este 28 de julio con el Subsecretario de Fortalecimiento Municipal, para encausar sus peticiones de revocaci\u00f3n de mandato del presidente municipal con las instancias correspondientes.<\/p>\n\n\n\n<p>Se invit\u00f3 en reiteradas ocasiones a participar en la mesa de di\u00e1logo al presidente municipal de San Jos\u00e9 Ayuquila, Mois\u00e9s Cari\u00f1o R\u00edos, el cual se neg\u00f3.<\/p>\n\n\n\n<p>En este encuentro participaron por parte de la comisi\u00f3n ciudadana de los barrios \u201cLa Soledad\u201d, \u201cSanta Cruz\u201d, \u201cCentro\u201d, \u201cSan Isidro\u201d y \u201cBarrio Guadalupe\u201d; Celestino Hern\u00e1ndez, \u00d3scar Pacheco, \u00c1ngel Huerta, Luz Mar\u00eda Huerta Hern\u00e1ndez, Lilia Huerta Carrera, Roberto Pe\u00f1a Guzm\u00e1n, Ernestina Santos, Pedro Santiago del \u00c1ngel, Elena Vidal Maceda y Rosa Mar\u00eda Zurita Le\u00f3n.<\/p>\n\n\n\n<p>Por parte del ayuntamiento, el s\u00edndico municipal, Leonel Rosalio Rosales Huerta y el regidor de Hacienda, Fredy R\u00edos Gonz\u00e1lez.<\/p>\n","protected":false},"excerpt":{"rendered":"<p>San Jos\u00e9 Ayuquila, Oax. 28 de julio de 2021.- Despu\u00e9s de retener al edil de San Jos\u00e9 Ayuquila, Mois\u00e9s Cari\u00f1o R\u00edos, ahora la comunidad de este municipio de Oaxaca exige la revocaci\u00f3n de mandato. La Secretar\u00eda General de Gobierno (Segego) inform\u00f3 la noche de este martes, que se reunieron con los habitantes de San Jos\u00e9&#8230;<\/p>\n","protected":false},"author":4,"featured_media":8064,"comment_status":"closed","ping_status":"closed","sticky":false,"template":"","format":"standard","meta":{"footnotes":""},"categories":[49],"tags":[],"class_list":["post-8063","post","type-post","status-publish","format-standard","has-post-thumbnail","hentry","category-titulares"],"_links":{"self":[{"href":"https:\/\/fdnoaxaca.net\/index.php\/wp-json\/wp\/v2\/posts\/8063","targetHints":{"allow":["GET"]}}],"collection":[{"href":"https:\/\/fdnoaxaca.net\/index.php\/wp-json\/wp\/v2\/posts"}],"about":[{"href":"https:\/\/fdnoaxaca.net\/index.php\/wp-json\/wp\/v2\/types\/post"}],"author":[{"embeddable":true,"href":"https:\/\/fdnoaxaca.net\/index.php\/wp-json\/wp\/v2\/users\/4"}],"replies":[{"embeddable":true,"href":"https:\/\/fdnoaxaca.net\/index.php\/wp-json\/wp\/v2\/comments?post=8063"}],"version-history":[{"count":1,"href":"https:\/\/fdnoaxaca.net\/index.php\/wp-json\/wp\/v2\/posts\/8063\/revisions"}],"predecessor-version":[{"id":8065,"href":"https:\/\/fdnoaxaca.net\/index.php\/wp-json\/wp\/v2\/posts\/8063\/revisions\/8065"}],"wp:featuredmedia":[{"embeddable":true,"href":"https:\/\/fdnoaxaca.net\/index.php\/wp-json\/wp\/v2\/media\/8064"}],"wp:attachment":[{"href":"https:\/\/fdnoaxaca.net\/index.php\/wp-json\/wp\/v2\/media?parent=8063"}],"wp:term":[{"taxonomy":"category","embeddable":true,"href":"https:\/\/fdnoaxaca.net\/index.php\/wp-json\/wp\/v2\/categories?post=8063"},{"taxonomy":"post_tag","embeddable":true,"href":"https:\/\/fdnoaxaca.net\/index.php\/wp-json\/wp\/v2\/tags?post=8063"}],"curies":[{"name":"wp","href":"https:\/\/api.w.org\/{rel}","templated":true}]}}