{"id":8072,"date":"2021-07-29T22:29:03","date_gmt":"2021-07-29T22:29:03","guid":{"rendered":"https:\/\/fdnoaxaca.net\/?p=8072"},"modified":"2021-07-29T22:29:06","modified_gmt":"2021-07-29T22:29:06","slug":"liberan-a-edil-de-san-jose-ayuquila","status":"publish","type":"post","link":"https:\/\/fdnoaxaca.net\/index.php\/2021\/07\/29\/liberan-a-edil-de-san-jose-ayuquila\/","title":{"rendered":"Liberan a edil de San Jos\u00e9 Ayuquila"},"content":{"rendered":"\n<p>San Jos\u00e9 Ayuquila, Oax. 29 de julio de 2021.- Despu\u00e9s de tres d\u00edas de retenci\u00f3n, el presidente municipal de San Jos\u00e9 Ayuquila, Mois\u00e9s Cari\u00f1o R\u00edos, fue liberado el mi\u00e9rcoles en ese municipio de la regi\u00f3n de la Mixteca de Oaxaca, inform\u00f3 la Secretar\u00eda General de Gobierno (Segego). <\/p>\n\n\n\n<p>La dependencia inform\u00f3 que como parte de los acuerdos firmados el 27 de julio con la comisi\u00f3n ciudadana de los barrios de la comunidad, el subsecretario de Fortalecimiento Municipal de la Segego, Mart\u00edn Vela Gil, junto con la delegada de atenci\u00f3n regional en la Mixteca (Cgar), Yolanda L\u00f3pez Velasco, instalaron una mesa de di\u00e1logo para conciliar el conflicto social que persist\u00eda tras la retenci\u00f3n y encarcelamiento del mun\u00edcipe. <\/p>\n\n\n\n<p>Durante la mesa de di\u00e1logo, los ciudadanos inconformes, manifestaron la solicitud de iniciar con el proceso de revocaci\u00f3n de mandato por los hechos ocurridos por el edil y ante el presunto desv\u00edo de recursos al no presentar un informe detallado de las finanzas municipales.<\/p>\n\n\n\n<p>En ese sentido, los representantes de gobierno informaron a la comisi\u00f3n que sus peticiones ser\u00e1n turnadas a las instancias correspondientes.<\/p>\n\n\n\n<p>As\u00ed mismo, la comisi\u00f3n emitir\u00e1 la convocatoria para realizar la asamblea general de ciudadanos del municipio, para tomar acuerdos sobre la revocaci\u00f3n de mandato.<\/p>\n\n\n\n<p>Al finalizar la mesa de di\u00e1logo, la comisi\u00f3n ciudadana de los barrios de la comunidad, liberaron al presidente municipal de San Jos\u00e9 Ayuquila, Mois\u00e9s Cari\u00f1o R\u00edos, mismo que fue entregado a la Vicefiscal\u00eda regional de la Mixteca para la certificaci\u00f3n correspondiente.<\/p>\n\n\n\n<p>En este encuentro participaron por parte de la comisi\u00f3n ciudadana de los barrios; Celestino Hern\u00e1ndez, \u00d3scar Pacheco, \u00c1ngel Huerta, Luz Mar\u00eda Huerta Hern\u00e1ndez, Lilia Huerta Carrera, Roberto Pe\u00f1a Guzm\u00e1n, Ernestina Santos, Pedro Santiago del \u00c1ngel, Elena Vidal Maceda, Rosa Mar\u00eda Zurita Le\u00f3n y familiares del edil.<\/p>\n","protected":false},"excerpt":{"rendered":"<p>San Jos\u00e9 Ayuquila, Oax. 29 de julio de 2021.- Despu\u00e9s de tres d\u00edas de retenci\u00f3n, el presidente municipal de San Jos\u00e9 Ayuquila, Mois\u00e9s Cari\u00f1o R\u00edos, fue liberado el mi\u00e9rcoles en ese municipio de la regi\u00f3n de la Mixteca de Oaxaca, inform\u00f3 la Secretar\u00eda General de Gobierno (Segego). La dependencia inform\u00f3 que como parte de los&#8230;<\/p>\n","protected":false},"author":4,"featured_media":8051,"comment_status":"closed","ping_status":"closed","sticky":false,"template":"","format":"standard","meta":{"footnotes":""},"categories":[49],"tags":[],"class_list":["post-8072","post","type-post","status-publish","format-standard","has-post-thumbnail","hentry","category-titulares"],"_links":{"self":[{"href":"https:\/\/fdnoaxaca.net\/index.php\/wp-json\/wp\/v2\/posts\/8072","targetHints":{"allow":["GET"]}}],"collection":[{"href":"https:\/\/fdnoaxaca.net\/index.php\/wp-json\/wp\/v2\/posts"}],"about":[{"href":"https:\/\/fdnoaxaca.net\/index.php\/wp-json\/wp\/v2\/types\/post"}],"author":[{"embeddable":true,"href":"https:\/\/fdnoaxaca.net\/index.php\/wp-json\/wp\/v2\/users\/4"}],"replies":[{"embeddable":true,"href":"https:\/\/fdnoaxaca.net\/index.php\/wp-json\/wp\/v2\/comments?post=8072"}],"version-history":[{"count":1,"href":"https:\/\/fdnoaxaca.net\/index.php\/wp-json\/wp\/v2\/posts\/8072\/revisions"}],"predecessor-version":[{"id":8073,"href":"https:\/\/fdnoaxaca.net\/index.php\/wp-json\/wp\/v2\/posts\/8072\/revisions\/8073"}],"wp:featuredmedia":[{"embeddable":true,"href":"https:\/\/fdnoaxaca.net\/index.php\/wp-json\/wp\/v2\/media\/8051"}],"wp:attachment":[{"href":"https:\/\/fdnoaxaca.net\/index.php\/wp-json\/wp\/v2\/media?parent=8072"}],"wp:term":[{"taxonomy":"category","embeddable":true,"href":"https:\/\/fdnoaxaca.net\/index.php\/wp-json\/wp\/v2\/categories?post=8072"},{"taxonomy":"post_tag","embeddable":true,"href":"https:\/\/fdnoaxaca.net\/index.php\/wp-json\/wp\/v2\/tags?post=8072"}],"curies":[{"name":"wp","href":"https:\/\/api.w.org\/{rel}","templated":true}]}}