{"id":8074,"date":"2021-07-29T22:56:51","date_gmt":"2021-07-29T22:56:51","guid":{"rendered":"https:\/\/fdnoaxaca.net\/?p=8074"},"modified":"2021-07-29T22:56:54","modified_gmt":"2021-07-29T22:56:54","slug":"suman-2-mil-83-casos-activos-de-covid-19-en-oaxaca-hay-12-hospitales-saturados","status":"publish","type":"post","link":"https:\/\/fdnoaxaca.net\/index.php\/2021\/07\/29\/suman-2-mil-83-casos-activos-de-covid-19-en-oaxaca-hay-12-hospitales-saturados\/","title":{"rendered":"Suman 2 mil 83 casos activos de Covid-19 en Oaxaca; hay 12 hospitales saturados"},"content":{"rendered":"\n<p>Oaxaca de Ju\u00e1rez, Oax. 29 de julio de 2021.- Oaxaca rompi\u00f3 el r\u00e9cord de personas que cursan Covid-19 en su fase activa, al sumar el mi\u00e9rcoles dos mil 083 casos activos. <\/p>\n\n\n\n<p>Esta cifra no se hab\u00eda registrado en toda la evoluci\u00f3n de la pandemia, informaron los Servicios de Salud de Oaxaca. <\/p>\n\n\n\n<p>&#8220;El llamado es claro y urgente, la participaci\u00f3n de todos los sectores sociales para contener el incremento de la enfermedad viral y evitar la saturaci\u00f3n de m\u00e1s hospitales y decesos&#8221;, reiter\u00f3 la dependencia. <\/p>\n\n\n\n<p>Tan s\u00f3lo el mi\u00e9rcoles 28 de julio se confirmaron 479 casos positivos de Covid-19 y 12 decesos, que suman 53 mil 945 casos acumulados y cuatro mil 129 defunciones, adem\u00e1s de una ocupaci\u00f3n hospitalaria global del 60.8%.<\/p>\n\n\n\n<p>Por Jurisdicci\u00f3n Sanitaria, Valles Centrales contabiliza 34 mil 547 casos confirmados y mil 944 defunciones, Istmo seis mil 268 y 849 fallecimientos, Tuxtepec tres mil 383 casos confirmados y 360 muertes, Costa tres mil 512 casos confirmados y 333 defunciones, Mixteca cuatro mil 391 casos confirmados y 415 fallecimientos, Sierra mil 844 casos confirmados y 228 muertes.<\/p>\n\n\n\n<p>Los 479 casos nuevos, afectan a 78 municipios siendo los principales Oaxaca de Ju\u00e1rez con 78, seguido de San Juan Bautista Tuxtepec y Santa Mar\u00eda Huatulco con 32 cada uno, Ciudad Ixtepec 29, Tlaxiaco 19, Santa Cruz Xoxocotl\u00e1n 17, Miahuatl\u00e1n de Porfirio D\u00edaz y Santiago Pinotepa Nacional 16 cada uno, Juchit\u00e1n de Zaragoza y San Pedro Pochutla 15 cada uno, Santo Domingo Tehuantepec 13, Magdalena Tequisistl\u00e1n y San Pedro Mixtepec (distrito 22) 12 cada uno, Huajuapan de Le\u00f3n 11, el resto de 9 a un solo caso.<\/p>\n\n\n\n<p>De las cuatro mil 129 defunciones, dos mil 664 son hombres y mil 465 mujeres, los grupos de edad m\u00e1s afectados son los de 65 a\u00f1os y m\u00e1s con mil 956, seguido de 50 a 59 con 900, y de 60 a 64 con 591; las comorbilidades asociadas son hipertensi\u00f3n arterial, diabetes, obesidad e insuficiencia renal.<\/p>\n\n\n\n<p>La ocupaci\u00f3n hospitalaria global es del 60.8%, hay 12 hospitales al 100% de ocupaci\u00f3n, 33 nuevos hospitalizados; hay 244 camas ocupadas de un total de 401 y disponibles 157.<\/p>\n\n\n\n<p>Por Jurisdicci\u00f3n Sanitaria, Valles Centrales registra 56.9%, Istmo 69%, Tuxtepec 76.9%, Costa 68%, Mixteca 39.3% y Sierra cero por ciento.  <\/p>\n","protected":false},"excerpt":{"rendered":"<p>Oaxaca de Ju\u00e1rez, Oax. 29 de julio de 2021.- Oaxaca rompi\u00f3 el r\u00e9cord de personas que cursan Covid-19 en su fase activa, al sumar el mi\u00e9rcoles dos mil 083 casos activos. Esta cifra no se hab\u00eda registrado en toda la evoluci\u00f3n de la pandemia, informaron los Servicios de Salud de Oaxaca. &#8220;El llamado es claro&#8230;<\/p>\n","protected":false},"author":4,"featured_media":3980,"comment_status":"closed","ping_status":"closed","sticky":false,"template":"","format":"standard","meta":{"footnotes":""},"categories":[49],"tags":[],"class_list":["post-8074","post","type-post","status-publish","format-standard","has-post-thumbnail","hentry","category-titulares"],"_links":{"self":[{"href":"https:\/\/fdnoaxaca.net\/index.php\/wp-json\/wp\/v2\/posts\/8074","targetHints":{"allow":["GET"]}}],"collection":[{"href":"https:\/\/fdnoaxaca.net\/index.php\/wp-json\/wp\/v2\/posts"}],"about":[{"href":"https:\/\/fdnoaxaca.net\/index.php\/wp-json\/wp\/v2\/types\/post"}],"author":[{"embeddable":true,"href":"https:\/\/fdnoaxaca.net\/index.php\/wp-json\/wp\/v2\/users\/4"}],"replies":[{"embeddable":true,"href":"https:\/\/fdnoaxaca.net\/index.php\/wp-json\/wp\/v2\/comments?post=8074"}],"version-history":[{"count":1,"href":"https:\/\/fdnoaxaca.net\/index.php\/wp-json\/wp\/v2\/posts\/8074\/revisions"}],"predecessor-version":[{"id":8075,"href":"https:\/\/fdnoaxaca.net\/index.php\/wp-json\/wp\/v2\/posts\/8074\/revisions\/8075"}],"wp:featuredmedia":[{"embeddable":true,"href":"https:\/\/fdnoaxaca.net\/index.php\/wp-json\/wp\/v2\/media\/3980"}],"wp:attachment":[{"href":"https:\/\/fdnoaxaca.net\/index.php\/wp-json\/wp\/v2\/media?parent=8074"}],"wp:term":[{"taxonomy":"category","embeddable":true,"href":"https:\/\/fdnoaxaca.net\/index.php\/wp-json\/wp\/v2\/categories?post=8074"},{"taxonomy":"post_tag","embeddable":true,"href":"https:\/\/fdnoaxaca.net\/index.php\/wp-json\/wp\/v2\/tags?post=8074"}],"curies":[{"name":"wp","href":"https:\/\/api.w.org\/{rel}","templated":true}]}}