{"id":8077,"date":"2021-07-30T00:27:50","date_gmt":"2021-07-30T00:27:50","guid":{"rendered":"https:\/\/fdnoaxaca.net\/?p=8077"},"modified":"2021-07-30T00:27:53","modified_gmt":"2021-07-30T00:27:53","slug":"tras-exceder-oaxaca-el-mil-por-ciento-en-contagios-de-covid-19-llaman-a-reducir-movilidad","status":"publish","type":"post","link":"https:\/\/fdnoaxaca.net\/index.php\/2021\/07\/30\/tras-exceder-oaxaca-el-mil-por-ciento-en-contagios-de-covid-19-llaman-a-reducir-movilidad\/","title":{"rendered":"Tras exceder Oaxaca el mil por ciento en contagios de Covid-19, llaman a reducir movilidad"},"content":{"rendered":"\n<p>Oaxaca de Ju\u00e1rez, Oax. 29 de julio de 2021.- A consecuencia del incremento exponencial que super\u00f3 el mil por ciento en el n\u00famero de contagios por Covid-19 registrados en las \u00faltimas cuatro semanas, donde la tercera ola de la pandemia se recrudece y cobra mayor fuerza en la entidad, los Servicios de Salud de Oaxaca (SSO) piden a la poblaci\u00f3n reducir la movilidad para coadyuvar en la lucha contra el SARS-CoV-2.<\/p>\n\n\n\n<p>Hasta el corte del mi\u00e9rcoles 28 de julio, suman 12 hospitales del Sector Salud ocupados al 100% en la atenci\u00f3n a pacientes con complicaciones a causa del virus, de los cuales, nueve corresponden a los SSO, tal es el caso de los hospitales generales \u201cDoctor Aurelio Valdivieso\u201d, el de Juchit\u00e1n &#8220;Doctor Macedonio Ben\u00edtez Fuentes&#8221;, el de San Juan Bautista Tuxtepec, el de Santo Domingo Tehuantepec, y el de Putla Villa de Guerrero.<\/p>\n\n\n\n<p>As\u00ed como los nosocomios comunitarios de Tlacotepec, San Juan Bautista Valle Nacional, y de Santos Reyes Nopala, adem\u00e1s del Hospital Regional de Alta Especialidad de Oaxaca (HRAEO). <\/p>\n\n\n\n<p>En este sentido, la jefa de la Unidad de Epidemiolog\u00eda de la dependencia, Yuko Nakamura L\u00f3pez, explic\u00f3 que, el virus, por su gen\u00e9tica, busca reproducirse, y solo puede hacerlo a trav\u00e9s de un hospedero (organismo que da albergue y\/o alimento a otro individuo). \u201cLos seres humanos somos ese hospedero. En su naturaleza est\u00e1 buscar infectar a m\u00e1s y m\u00e1s c\u00e9lulas, y eso solo puede hacerse a trav\u00e9s del contagio\u201d, subray\u00f3.<\/p>\n\n\n\n<p>Precis\u00f3 que mantener todas las medidas preventivas contra el SARS-CoV-2, es indispensable para que el virus sea derrotado o se mitigue su propagaci\u00f3n, por ello, es fundamental que la poblaci\u00f3n las aplique estrictamente.<\/p>\n\n\n\n<p>Ante esta situaci\u00f3n, la dependencia advirti\u00f3 que en el caso de no detener o ralentizar el crecimiento exponencial de la propagaci\u00f3n del SARS-CoV-2 en las pr\u00f3ximas dos semanas en la entidad, se alcanzar\u00e1 el pico m\u00e1s alto de personas que pueden seguir transmitiendo la enfermedad viral, y con ello, se corre el riesgo de aumentar la saturaci\u00f3n de hospitales.<\/p>\n\n\n\n<p>Asimismo, la instituci\u00f3n detall\u00f3 que fue a partir de la semana epidemiol\u00f3gica n\u00famero 23 correspondiente al periodo del 13 al 19 de junio, que se notific\u00f3 un incremento en casos positivos, pasando de un promedio diario de 150 a 200 personas que cursaban con esta patolog\u00eda, hasta alcanzar los dos mil 083 registros activos que se contabilizaron el pasado 28 de julio.<\/p>\n","protected":false},"excerpt":{"rendered":"<p>Oaxaca de Ju\u00e1rez, Oax. 29 de julio de 2021.- A consecuencia del incremento exponencial que super\u00f3 el mil por ciento en el n\u00famero de contagios por Covid-19 registrados en las \u00faltimas cuatro semanas, donde la tercera ola de la pandemia se recrudece y cobra mayor fuerza en la entidad, los Servicios de Salud de Oaxaca&#8230;<\/p>\n","protected":false},"author":4,"featured_media":6333,"comment_status":"closed","ping_status":"closed","sticky":false,"template":"","format":"standard","meta":{"footnotes":""},"categories":[4],"tags":[],"class_list":["post-8077","post","type-post","status-publish","format-standard","has-post-thumbnail","hentry","category-general"],"_links":{"self":[{"href":"https:\/\/fdnoaxaca.net\/index.php\/wp-json\/wp\/v2\/posts\/8077","targetHints":{"allow":["GET"]}}],"collection":[{"href":"https:\/\/fdnoaxaca.net\/index.php\/wp-json\/wp\/v2\/posts"}],"about":[{"href":"https:\/\/fdnoaxaca.net\/index.php\/wp-json\/wp\/v2\/types\/post"}],"author":[{"embeddable":true,"href":"https:\/\/fdnoaxaca.net\/index.php\/wp-json\/wp\/v2\/users\/4"}],"replies":[{"embeddable":true,"href":"https:\/\/fdnoaxaca.net\/index.php\/wp-json\/wp\/v2\/comments?post=8077"}],"version-history":[{"count":1,"href":"https:\/\/fdnoaxaca.net\/index.php\/wp-json\/wp\/v2\/posts\/8077\/revisions"}],"predecessor-version":[{"id":8078,"href":"https:\/\/fdnoaxaca.net\/index.php\/wp-json\/wp\/v2\/posts\/8077\/revisions\/8078"}],"wp:featuredmedia":[{"embeddable":true,"href":"https:\/\/fdnoaxaca.net\/index.php\/wp-json\/wp\/v2\/media\/6333"}],"wp:attachment":[{"href":"https:\/\/fdnoaxaca.net\/index.php\/wp-json\/wp\/v2\/media?parent=8077"}],"wp:term":[{"taxonomy":"category","embeddable":true,"href":"https:\/\/fdnoaxaca.net\/index.php\/wp-json\/wp\/v2\/categories?post=8077"},{"taxonomy":"post_tag","embeddable":true,"href":"https:\/\/fdnoaxaca.net\/index.php\/wp-json\/wp\/v2\/tags?post=8077"}],"curies":[{"name":"wp","href":"https:\/\/api.w.org\/{rel}","templated":true}]}}