{"id":8106,"date":"2021-08-03T19:07:49","date_gmt":"2021-08-03T19:07:49","guid":{"rendered":"https:\/\/fdnoaxaca.net\/?p=8106"},"modified":"2021-08-03T19:07:53","modified_gmt":"2021-08-03T19:07:53","slug":"decretan-semaforo-rojo-y-confinamiento-obligatorio-en-tlaxiaco-por-covid-19","status":"publish","type":"post","link":"https:\/\/fdnoaxaca.net\/index.php\/2021\/08\/03\/decretan-semaforo-rojo-y-confinamiento-obligatorio-en-tlaxiaco-por-covid-19\/","title":{"rendered":"Decretan sem\u00e1foro rojo y confinamiento obligatorio en Tlaxiaco por Covid-19"},"content":{"rendered":"\n<p>Oaxaca de Ju\u00e1rez, Oax. 3 de agosto de 2021.- La autoridad local de Tlaxiaco decret\u00f3 sem\u00e1foro rojo y confinamiento obligatorio durante un mes en este municipio de la regi\u00f3n de la Mixteca de Oaxaca, debido al incremento de casos de contagio de Covid-19.<\/p>\n\n\n\n<p>El confinamiento obligatorio comenz\u00f3 a partir del lunes 2 de agosto y est\u00e1 prevista que se mantenga hasta el 31 de este mes.<\/p>\n\n\n\n<p>&#8220;Ante el incremento alarmante de contagios y defunciones en el municipio de Tlaxiaco, nos encontramos en sem\u00e1foro epidemiol\u00f3gico rojo, y hay confinamiento obligatorio en nuestra ciudad&#8221;, inform\u00f3 el ayuntamiento.<\/p>\n\n\n\n<p>De acuerdo con la autoridad local, en Tlaxiaco suman 472 casos positivos de Covid-19, de los cuales 58 pacientes han muerto, hay 65 casos activos y 274 personas se han recuperado.<\/p>\n\n\n\n<p>En Oaxaca suman 55 mil 400 contagios, en una jornada en la que adem\u00e1s se han registrado m\u00e1s de 4 mil muertes y 8 mil 639 hospitalizaciones.<\/p>\n\n\n\n<p>El estado actualmente cursa su segunda semana en sem\u00e1foro naranja, luego de haber estado en verde. <\/p>\n","protected":false},"excerpt":{"rendered":"<p>Oaxaca de Ju\u00e1rez, Oax. 3 de agosto de 2021.- La autoridad local de Tlaxiaco decret\u00f3 sem\u00e1foro rojo y confinamiento obligatorio durante un mes en este municipio de la regi\u00f3n de la Mixteca de Oaxaca, debido al incremento de casos de contagio de Covid-19. El confinamiento obligatorio comenz\u00f3 a partir del lunes 2 de agosto y&#8230;<\/p>\n","protected":false},"author":4,"featured_media":8107,"comment_status":"closed","ping_status":"closed","sticky":false,"template":"","format":"standard","meta":{"footnotes":""},"categories":[49],"tags":[],"class_list":["post-8106","post","type-post","status-publish","format-standard","has-post-thumbnail","hentry","category-titulares"],"_links":{"self":[{"href":"https:\/\/fdnoaxaca.net\/index.php\/wp-json\/wp\/v2\/posts\/8106","targetHints":{"allow":["GET"]}}],"collection":[{"href":"https:\/\/fdnoaxaca.net\/index.php\/wp-json\/wp\/v2\/posts"}],"about":[{"href":"https:\/\/fdnoaxaca.net\/index.php\/wp-json\/wp\/v2\/types\/post"}],"author":[{"embeddable":true,"href":"https:\/\/fdnoaxaca.net\/index.php\/wp-json\/wp\/v2\/users\/4"}],"replies":[{"embeddable":true,"href":"https:\/\/fdnoaxaca.net\/index.php\/wp-json\/wp\/v2\/comments?post=8106"}],"version-history":[{"count":1,"href":"https:\/\/fdnoaxaca.net\/index.php\/wp-json\/wp\/v2\/posts\/8106\/revisions"}],"predecessor-version":[{"id":8108,"href":"https:\/\/fdnoaxaca.net\/index.php\/wp-json\/wp\/v2\/posts\/8106\/revisions\/8108"}],"wp:featuredmedia":[{"embeddable":true,"href":"https:\/\/fdnoaxaca.net\/index.php\/wp-json\/wp\/v2\/media\/8107"}],"wp:attachment":[{"href":"https:\/\/fdnoaxaca.net\/index.php\/wp-json\/wp\/v2\/media?parent=8106"}],"wp:term":[{"taxonomy":"category","embeddable":true,"href":"https:\/\/fdnoaxaca.net\/index.php\/wp-json\/wp\/v2\/categories?post=8106"},{"taxonomy":"post_tag","embeddable":true,"href":"https:\/\/fdnoaxaca.net\/index.php\/wp-json\/wp\/v2\/tags?post=8106"}],"curies":[{"name":"wp","href":"https:\/\/api.w.org\/{rel}","templated":true}]}}