{"id":8174,"date":"2021-08-14T00:42:38","date_gmt":"2021-08-14T00:42:38","guid":{"rendered":"https:\/\/fdnoaxaca.net\/?p=8174"},"modified":"2021-08-14T00:42:42","modified_gmt":"2021-08-14T00:42:42","slug":"solo-vacunados-contra-covid-19-podran-usar-el-transporte-publico-y-entrar-a-negocios-en-huajuapan","status":"publish","type":"post","link":"https:\/\/fdnoaxaca.net\/index.php\/2021\/08\/14\/solo-vacunados-contra-covid-19-podran-usar-el-transporte-publico-y-entrar-a-negocios-en-huajuapan\/","title":{"rendered":"Solo vacunados contra Covid-19 podr\u00e1n usar el transporte p\u00fablico y entrar a negocios en Huajuapan"},"content":{"rendered":"\n<p>Oaxaca de Ju\u00e1rez, Oax. 13 de agosto de 2021.- En Huajuapan de Le\u00f3n, a partir del lunes 16 de agosto, solo podr\u00e1n usar el transporte p\u00fablico, ingresar a negocios o a inmuebles p\u00fablicos, las personas vacunadas contra Covid-19.<\/p>\n\n\n\n<p>La medida de restricci\u00f3n fue aprobada por el Cabildo del ayuntamiento de Huajuapan de Le\u00f3n, con la cual buscan el control de la movilidad de la poblaci\u00f3n ante la tercera ola de contagio de Covid-19.<\/p>\n\n\n\n<p>De acuerdo con el decreto, en este municipio de la regi\u00f3n de la Mixteca de Oaxaca, ser\u00e1 obligatorio presentar el documento que acredita que la persona fue vacunada contra Covid-19, antes de usar el servicio del transporte p\u00fablico, ingresar a negocios o a inmuebles p\u00fablicos.<\/p>\n\n\n\n<blockquote class=\"wp-block-quote is-layout-flow wp-block-quote-is-layout-flow\"><p><blockquote class=\"twitter-tweet\" data-width=\"550\" data-dnt=\"true\"><p lang=\"es\" dir=\"ltr\">Solo personas vacunadas contra <a href=\"https:\/\/twitter.com\/hashtag\/COVID19?src=hash&amp;ref_src=twsrc%5Etfw\">#COVID19<\/a> podr\u00e1n utilizar el servicio de transporte p\u00fablico, ingresar a negocios y edificios p\u00fablicos en <a href=\"https:\/\/twitter.com\/hashtag\/Huajuapan?src=hash&amp;ref_src=twsrc%5Etfw\">#Huajuapan<\/a>, <a href=\"https:\/\/twitter.com\/hashtag\/Oaxaca?src=hash&amp;ref_src=twsrc%5Etfw\">#Oaxaca<\/a>, decreta <a href=\"https:\/\/twitter.com\/huajuapangob?ref_src=twsrc%5Etfw\">@huajuapangob<\/a> <a href=\"https:\/\/twitter.com\/hashtag\/TwitterOax?src=hash&amp;ref_src=twsrc%5Etfw\">#TwitterOax<\/a> <a href=\"https:\/\/t.co\/f284jWq5XR\">pic.twitter.com\/f284jWq5XR<\/a><\/p>&mdash; FDN Oaxaca (@FDN_Oaxaca) <a href=\"https:\/\/twitter.com\/FDN_Oaxaca\/status\/1426168460510437379?ref_src=twsrc%5Etfw\">August 13, 2021<\/a><\/blockquote><script async src=\"https:\/\/platform.twitter.com\/widgets.js\" charset=\"utf-8\"><\/script><\/p><\/blockquote>\n\n\n\n<p>La autoridad local declar\u00f3 que esta medida de restricci\u00f3n ser\u00e1 por tiempo indefinido, y los propietarios de establecimientos que incumplan con ella, ser\u00e1n suspendidos.<\/p>\n\n\n\n<p>En Oaxaca, hasta el corte del 12 de agosto, se han acumulado 59 mil 273 casos positivos de Covid-19, de los cuales 52 mil 379 pacientes se han recuperado, mientras 4 mil 264 han muerto, de acuerdo con los Servicios de Salud del estado. <\/p>\n","protected":false},"excerpt":{"rendered":"<p>Oaxaca de Ju\u00e1rez, Oax. 13 de agosto de 2021.- En Huajuapan de Le\u00f3n, a partir del lunes 16 de agosto, solo podr\u00e1n usar el transporte p\u00fablico, ingresar a negocios o a inmuebles p\u00fablicos, las personas vacunadas contra Covid-19. La medida de restricci\u00f3n fue aprobada por el Cabildo del ayuntamiento de Huajuapan de Le\u00f3n, con la&#8230;<\/p>\n","protected":false},"author":4,"featured_media":8175,"comment_status":"closed","ping_status":"closed","sticky":false,"template":"","format":"standard","meta":{"footnotes":""},"categories":[49],"tags":[],"class_list":["post-8174","post","type-post","status-publish","format-standard","has-post-thumbnail","hentry","category-titulares"],"_links":{"self":[{"href":"https:\/\/fdnoaxaca.net\/index.php\/wp-json\/wp\/v2\/posts\/8174","targetHints":{"allow":["GET"]}}],"collection":[{"href":"https:\/\/fdnoaxaca.net\/index.php\/wp-json\/wp\/v2\/posts"}],"about":[{"href":"https:\/\/fdnoaxaca.net\/index.php\/wp-json\/wp\/v2\/types\/post"}],"author":[{"embeddable":true,"href":"https:\/\/fdnoaxaca.net\/index.php\/wp-json\/wp\/v2\/users\/4"}],"replies":[{"embeddable":true,"href":"https:\/\/fdnoaxaca.net\/index.php\/wp-json\/wp\/v2\/comments?post=8174"}],"version-history":[{"count":1,"href":"https:\/\/fdnoaxaca.net\/index.php\/wp-json\/wp\/v2\/posts\/8174\/revisions"}],"predecessor-version":[{"id":8176,"href":"https:\/\/fdnoaxaca.net\/index.php\/wp-json\/wp\/v2\/posts\/8174\/revisions\/8176"}],"wp:featuredmedia":[{"embeddable":true,"href":"https:\/\/fdnoaxaca.net\/index.php\/wp-json\/wp\/v2\/media\/8175"}],"wp:attachment":[{"href":"https:\/\/fdnoaxaca.net\/index.php\/wp-json\/wp\/v2\/media?parent=8174"}],"wp:term":[{"taxonomy":"category","embeddable":true,"href":"https:\/\/fdnoaxaca.net\/index.php\/wp-json\/wp\/v2\/categories?post=8174"},{"taxonomy":"post_tag","embeddable":true,"href":"https:\/\/fdnoaxaca.net\/index.php\/wp-json\/wp\/v2\/tags?post=8174"}],"curies":[{"name":"wp","href":"https:\/\/api.w.org\/{rel}","templated":true}]}}