{"id":8186,"date":"2021-08-16T20:41:05","date_gmt":"2021-08-16T20:41:05","guid":{"rendered":"https:\/\/fdnoaxaca.net\/?p=8186"},"modified":"2021-08-16T20:41:08","modified_gmt":"2021-08-16T20:41:08","slug":"autoridades-de-oaxaca-dieron-por-muertos-juridicamente-a-mil-13-comuneros","status":"publish","type":"post","link":"https:\/\/fdnoaxaca.net\/index.php\/2021\/08\/16\/autoridades-de-oaxaca-dieron-por-muertos-juridicamente-a-mil-13-comuneros\/","title":{"rendered":"Autoridades de Oaxaca dieron por muertos, jur\u00eddicamente, a mil 13 comuneros"},"content":{"rendered":"\n<p>Oaxaca de Ju\u00e1rez, Oax. 16 de agosto de 2021.- Funcionarios del Registro Civil de Oaxaca, del Registro Agrario Nacional y la Procuradur\u00eda Agraria, dieron por muertos, jur\u00eddicamente, a mil 13 comuneros de Oaxaca, entre ellos, a 22 que cuentan con medidas cautelares.<\/p>\n\n\n\n<p>Al respecto, el gobierno federal se comprometi\u00f3 a investigar y sancionar a los funcionarios del gobierno estatal, responsables de haber dado por muertos y sepultados jur\u00eddicamente a pobladores de Santo Domingo Ixcatl\u00e1n, a fin de despojarlos de sus tierras.<\/p>\n\n\n\n<p>De acuerdo con el Centro de Derechos Humanos y Asesor\u00eda a Pueblos Ind\u00edgenas (Cedhapi), representantes de los agraviados se reunieron en la Ciudad de M\u00e9xico con funcionarios de la Secretar\u00eda de Gobernaci\u00f3n, encabezados por el subsecretario de Derechos Humanos, Alejandro Encinas, y con el gobernador Alejandro Murat, en busca de acuerdos para reparar el da\u00f1o cometido en contra de los comuneros por parte de funcionarios estatales.<\/p>\n\n\n\n<p>En la reuni\u00f3n, las autoridades reconocieron las violaciones graves cometidas por el gobierno estatal y se comprometieron a reparar el da\u00f1o, lo que significa restituir los derechos a los mil 23 comuneros de Oaxaca afectados, y sancionar a los responsables. <\/p>\n\n\n\n<p>Por otra parte, la Comisi\u00f3n Interamericana de Derechos Humanos (CIDH) pidi\u00f3 al Estado mexicano un informe respecto a aquella situaci\u00f3n, debido a que entre los comuneros dados por muertos, existen 22 que cuentan con medidas cautelares por la Comisi\u00f3n Interamericana, debido a una serie de amenazas de muerte recibidas en el a\u00f1o 2008.<\/p>\n","protected":false},"excerpt":{"rendered":"<p>Oaxaca de Ju\u00e1rez, Oax. 16 de agosto de 2021.- Funcionarios del Registro Civil de Oaxaca, del Registro Agrario Nacional y la Procuradur\u00eda Agraria, dieron por muertos, jur\u00eddicamente, a mil 13 comuneros de Oaxaca, entre ellos, a 22 que cuentan con medidas cautelares. Al respecto, el gobierno federal se comprometi\u00f3 a investigar y sancionar a los&#8230;<\/p>\n","protected":false},"author":4,"featured_media":8187,"comment_status":"closed","ping_status":"closed","sticky":false,"template":"","format":"standard","meta":{"footnotes":""},"categories":[49],"tags":[],"class_list":["post-8186","post","type-post","status-publish","format-standard","has-post-thumbnail","hentry","category-titulares"],"_links":{"self":[{"href":"https:\/\/fdnoaxaca.net\/index.php\/wp-json\/wp\/v2\/posts\/8186","targetHints":{"allow":["GET"]}}],"collection":[{"href":"https:\/\/fdnoaxaca.net\/index.php\/wp-json\/wp\/v2\/posts"}],"about":[{"href":"https:\/\/fdnoaxaca.net\/index.php\/wp-json\/wp\/v2\/types\/post"}],"author":[{"embeddable":true,"href":"https:\/\/fdnoaxaca.net\/index.php\/wp-json\/wp\/v2\/users\/4"}],"replies":[{"embeddable":true,"href":"https:\/\/fdnoaxaca.net\/index.php\/wp-json\/wp\/v2\/comments?post=8186"}],"version-history":[{"count":1,"href":"https:\/\/fdnoaxaca.net\/index.php\/wp-json\/wp\/v2\/posts\/8186\/revisions"}],"predecessor-version":[{"id":8188,"href":"https:\/\/fdnoaxaca.net\/index.php\/wp-json\/wp\/v2\/posts\/8186\/revisions\/8188"}],"wp:featuredmedia":[{"embeddable":true,"href":"https:\/\/fdnoaxaca.net\/index.php\/wp-json\/wp\/v2\/media\/8187"}],"wp:attachment":[{"href":"https:\/\/fdnoaxaca.net\/index.php\/wp-json\/wp\/v2\/media?parent=8186"}],"wp:term":[{"taxonomy":"category","embeddable":true,"href":"https:\/\/fdnoaxaca.net\/index.php\/wp-json\/wp\/v2\/categories?post=8186"},{"taxonomy":"post_tag","embeddable":true,"href":"https:\/\/fdnoaxaca.net\/index.php\/wp-json\/wp\/v2\/tags?post=8186"}],"curies":[{"name":"wp","href":"https:\/\/api.w.org\/{rel}","templated":true}]}}