{"id":829,"date":"2019-06-05T18:40:47","date_gmt":"2019-06-05T18:40:47","guid":{"rendered":"http:\/\/fdnoaxaca.net\/?p=829"},"modified":"2019-06-05T18:40:50","modified_gmt":"2019-06-05T18:40:50","slug":"matan-a-una-nina-y-a-un-joven-en-la-mixteca","status":"publish","type":"post","link":"https:\/\/fdnoaxaca.net\/index.php\/2019\/06\/05\/matan-a-una-nina-y-a-un-joven-en-la-mixteca\/","title":{"rendered":"Matan a una ni\u00f1a y a un joven en la Mixteca"},"content":{"rendered":"\n<p>Oaxaca de Ju\u00e1rez, Oax. 5 de junio de 2019.- Una ni\u00f1a menor a tres a\u00f1os y un joven fueron ultimados a balazos en la regi\u00f3n de la Mixteca de Oaxaca.<\/p>\n\n\n\n<p>El doble crimen sucedi\u00f3 en la carretera que comunica a San Pedro Reto\u00f1o con San Juan Mixtepec, a alrededor de las 18:45 horas del martes, cuando la familia se dirig\u00eda hacia la comunidad de Yucani, en la Mixteca, inform\u00f3 la Polic\u00eda Estatal. <\/p>\n\n\n\n<p>La menor viajaba junto con sus familiares en una camioneta de color rojo, tipo suburban, cuando fueron baleados. En la agresi\u00f3n armada, dos personas murieron y una m\u00e1s result\u00f3 lesionada. <\/p>\n\n\n\n<p>Las personas asesinadas fueron identificadas como Diana V. S., de entre uno y tres a\u00f1os, y Fabi\u00e1n S. C., de 18 a\u00f1os. <\/p>\n\n\n\n<p>Al sitio llegaron elementos de la Agencia Estatal de Investigaciones para el levantamiento de los cuerpos y el inicio de la investigaci\u00f3n correspondiente. <br>\n<\/p>\n","protected":false},"excerpt":{"rendered":"<p>Oaxaca de Ju\u00e1rez, Oax. 5 de junio de 2019.- Una ni\u00f1a menor a tres a\u00f1os y un joven fueron ultimados a balazos en la regi\u00f3n de la Mixteca de Oaxaca. El doble crimen sucedi\u00f3 en la carretera que comunica a San Pedro Reto\u00f1o con San Juan Mixtepec, a alrededor de las 18:45 horas del martes,&#8230;<\/p>\n","protected":false},"author":5,"featured_media":830,"comment_status":"closed","ping_status":"closed","sticky":false,"template":"","format":"standard","meta":{"footnotes":""},"categories":[4],"tags":[],"class_list":["post-829","post","type-post","status-publish","format-standard","has-post-thumbnail","hentry","category-general"],"_links":{"self":[{"href":"https:\/\/fdnoaxaca.net\/index.php\/wp-json\/wp\/v2\/posts\/829","targetHints":{"allow":["GET"]}}],"collection":[{"href":"https:\/\/fdnoaxaca.net\/index.php\/wp-json\/wp\/v2\/posts"}],"about":[{"href":"https:\/\/fdnoaxaca.net\/index.php\/wp-json\/wp\/v2\/types\/post"}],"author":[{"embeddable":true,"href":"https:\/\/fdnoaxaca.net\/index.php\/wp-json\/wp\/v2\/users\/5"}],"replies":[{"embeddable":true,"href":"https:\/\/fdnoaxaca.net\/index.php\/wp-json\/wp\/v2\/comments?post=829"}],"version-history":[{"count":1,"href":"https:\/\/fdnoaxaca.net\/index.php\/wp-json\/wp\/v2\/posts\/829\/revisions"}],"predecessor-version":[{"id":831,"href":"https:\/\/fdnoaxaca.net\/index.php\/wp-json\/wp\/v2\/posts\/829\/revisions\/831"}],"wp:featuredmedia":[{"embeddable":true,"href":"https:\/\/fdnoaxaca.net\/index.php\/wp-json\/wp\/v2\/media\/830"}],"wp:attachment":[{"href":"https:\/\/fdnoaxaca.net\/index.php\/wp-json\/wp\/v2\/media?parent=829"}],"wp:term":[{"taxonomy":"category","embeddable":true,"href":"https:\/\/fdnoaxaca.net\/index.php\/wp-json\/wp\/v2\/categories?post=829"},{"taxonomy":"post_tag","embeddable":true,"href":"https:\/\/fdnoaxaca.net\/index.php\/wp-json\/wp\/v2\/tags?post=829"}],"curies":[{"name":"wp","href":"https:\/\/api.w.org\/{rel}","templated":true}]}}