{"id":8308,"date":"2021-08-30T21:11:16","date_gmt":"2021-08-30T21:11:16","guid":{"rendered":"https:\/\/fdnoaxaca.net\/?p=8308"},"modified":"2021-08-30T21:11:18","modified_gmt":"2021-08-30T21:11:18","slug":"comienza-ciclo-escolar-en-oaxaca-de-forma-presencial-en-el-27-de-escuelas-del-nivel-basico","status":"publish","type":"post","link":"https:\/\/fdnoaxaca.net\/index.php\/2021\/08\/30\/comienza-ciclo-escolar-en-oaxaca-de-forma-presencial-en-el-27-de-escuelas-del-nivel-basico\/","title":{"rendered":"Comienza ciclo escolar en Oaxaca de forma presencial en el 27% de escuelas del nivel b\u00e1sico"},"content":{"rendered":"\n<p>Oaxaca de Ju\u00e1rez, Oax. 30 de agosto de 2021.-  De forma presencial y a distancia, en Oaxaca este lunes inici\u00f3 formalmente el nuevo ciclo escolar en el nivel de educaci\u00f3n b\u00e1sica. <\/p>\n\n\n\n<p>De acuerdo con el Instituto Estatal de Educaci\u00f3n P\u00fablica de Oaxaca (IEEPO), en educaci\u00f3n b\u00e1sica regresaron a clases bajo la modalidad semipresencial 259 mil 724 alumnos en 3 mil 133 escuelas p\u00fablicas y privadas. <\/p>\n\n\n\n<p>De este total de planteles donde se inici\u00f3 la modalidad presencial, 2 mil 686 son p\u00fablicas, de las 10 mil 746 instituciones educativas; y 447 escuelas privadas, de 526 en total. <\/p>\n\n\n\n<p>Mientras, m\u00e1s de 600 mil alumnos de 8 mil 139 escuelas p\u00fablicas y privadas del nivel b\u00e1sico, contin\u00faan las clases a distancia. <\/p>\n\n\n\n<p>Este lunes el gobernador Alejandro Murat Hinojosa inaugur\u00f3 el ciclo escolar 2021-2022, en el que 862 mil 147 estudiantes y 70 mil docentes de 11 mil 272 escuelas del nivel b\u00e1sico de la entidad, arrancaron sus actividades escolares de manera semipresencial y a distancia.<\/p>\n\n\n\n<figure class=\"wp-block-image\"><img loading=\"lazy\" decoding=\"async\" width=\"1024\" height=\"682\" src=\"https:\/\/fdnoaxaca.net\/wp-content\/uploads\/2021\/08\/IMG-20210830-WA0126-1024x682.jpg\" alt=\"\" class=\"wp-image-8310\" srcset=\"https:\/\/fdnoaxaca.net\/wp-content\/uploads\/2021\/08\/IMG-20210830-WA0126-1024x682.jpg 1024w, https:\/\/fdnoaxaca.net\/wp-content\/uploads\/2021\/08\/IMG-20210830-WA0126-300x200.jpg 300w, https:\/\/fdnoaxaca.net\/wp-content\/uploads\/2021\/08\/IMG-20210830-WA0126-768x511.jpg 768w, https:\/\/fdnoaxaca.net\/wp-content\/uploads\/2021\/08\/IMG-20210830-WA0126-600x400.jpg 600w, https:\/\/fdnoaxaca.net\/wp-content\/uploads\/2021\/08\/IMG-20210830-WA0126-272x182.jpg 272w, https:\/\/fdnoaxaca.net\/wp-content\/uploads\/2021\/08\/IMG-20210830-WA0126.jpg 1280w\" sizes=\"auto, (max-width: 1024px) 100vw, 1024px\" \/><\/figure>\n\n\n\n<p>La inauguraci\u00f3n fue en la primaria \u201cBenito Ju\u00e1rez\u201d de la capital oaxaque\u00f1a, en donde la comunidad escolar eligi\u00f3 la modalidad semipresencial. <\/p>\n\n\n\n<p>\u201cHoy nos unimos los tres \u00f3rdenes de gobierno para que el regreso a clases sea un proceso exitoso, en donde lo m\u00e1s importante es la vida y salud de las ni\u00f1as, ni\u00f1os, docentes, madres y padres de familia, y que se cumplan los sue\u00f1os de los escolares\u201d, destac\u00f3.<\/p>\n\n\n\n<p>En su participaci\u00f3n, el director de la primaria \u201cBenito Ju\u00e1rez\u201d, Enrique Cerero Gudi\u00f1o, dijo que su meta es privilegiar la calidad educativa, pero tambi\u00e9n la salud y el bienestar de la comunidad estudiantil.<\/p>\n\n\n\n<p>\u201cAgradezco y felicito al personal de esta instituci\u00f3n por este enorme compromiso y el empe\u00f1o por la educaci\u00f3n de los alumnos. Los invito a descubrir nuevas formas de trabajo y continuar con sus procesos educativos sin temores, confiando en que lograremos nuestras metas educativas\u201d, indic\u00f3.<\/p>\n\n\n\n<p>La primaria \u201cBenito Ju\u00e1rez\u201d inici\u00f3 sus actividades escolares con seis grupos de manera semipresencial, asistir\u00e1n la mitad durante la primera semana, dos grupos de primer a\u00f1o y un grupo de tercero, cuarto, quinto y sexto grado.<\/p>\n\n\n\n<p>En su oportunidad el director general del Instituto Estatal de Educaci\u00f3n P\u00fablica de Oaxaca (IEEPO), Francisco \u00c1ngel Villarreal, refiri\u00f3 que el 100% de los estudiantes oaxaque\u00f1os se encuentran en clases a partir de este lunes 30 de agosto en cualquiera de las dos modalidades, a distancia o de manera presencial, en esta \u00faltima, de forma porcentual en diferentes horarios.<\/p>\n\n\n\n<p>Destac\u00f3 que en cualquiera de las dos modalidades se llevar\u00e1 en consenso con las personas participantes, en donde est\u00e9n de acuerdo padres de familia, docentes, autoridades municipales, educativas y de salud, incluso, a los alumnos, siendo esta consulta modelo a nivel nacional.<\/p>\n\n\n\n<p>Explic\u00f3 que quienes decidieron regresar de manera presencial, ser\u00e1 de manera segura, de forma escalonada, mixta y de acuerdo a las condiciones de cada comunidad; priorizando la vida y salud de la comunidad escolar con la aplicaci\u00f3n de estrictos protocolos y medidas sanitarias. <\/p>\n\n\n\n<p>Oaxaca actualmente se encuentra en color naranja en el sem\u00e1foro epidemiol\u00f3gico de riesgo por Covid-19.<\/p>\n","protected":false},"excerpt":{"rendered":"<p>Oaxaca de Ju\u00e1rez, Oax. 30 de agosto de 2021.- De forma presencial y a distancia, en Oaxaca este lunes inici\u00f3 formalmente el nuevo ciclo escolar en el nivel de educaci\u00f3n b\u00e1sica. De acuerdo con el Instituto Estatal de Educaci\u00f3n P\u00fablica de Oaxaca (IEEPO), en educaci\u00f3n b\u00e1sica regresaron a clases bajo la modalidad semipresencial 259 mil&#8230;<\/p>\n","protected":false},"author":4,"featured_media":8309,"comment_status":"closed","ping_status":"closed","sticky":false,"template":"","format":"standard","meta":{"footnotes":""},"categories":[49],"tags":[],"class_list":["post-8308","post","type-post","status-publish","format-standard","has-post-thumbnail","hentry","category-titulares"],"_links":{"self":[{"href":"https:\/\/fdnoaxaca.net\/index.php\/wp-json\/wp\/v2\/posts\/8308","targetHints":{"allow":["GET"]}}],"collection":[{"href":"https:\/\/fdnoaxaca.net\/index.php\/wp-json\/wp\/v2\/posts"}],"about":[{"href":"https:\/\/fdnoaxaca.net\/index.php\/wp-json\/wp\/v2\/types\/post"}],"author":[{"embeddable":true,"href":"https:\/\/fdnoaxaca.net\/index.php\/wp-json\/wp\/v2\/users\/4"}],"replies":[{"embeddable":true,"href":"https:\/\/fdnoaxaca.net\/index.php\/wp-json\/wp\/v2\/comments?post=8308"}],"version-history":[{"count":1,"href":"https:\/\/fdnoaxaca.net\/index.php\/wp-json\/wp\/v2\/posts\/8308\/revisions"}],"predecessor-version":[{"id":8311,"href":"https:\/\/fdnoaxaca.net\/index.php\/wp-json\/wp\/v2\/posts\/8308\/revisions\/8311"}],"wp:featuredmedia":[{"embeddable":true,"href":"https:\/\/fdnoaxaca.net\/index.php\/wp-json\/wp\/v2\/media\/8309"}],"wp:attachment":[{"href":"https:\/\/fdnoaxaca.net\/index.php\/wp-json\/wp\/v2\/media?parent=8308"}],"wp:term":[{"taxonomy":"category","embeddable":true,"href":"https:\/\/fdnoaxaca.net\/index.php\/wp-json\/wp\/v2\/categories?post=8308"},{"taxonomy":"post_tag","embeddable":true,"href":"https:\/\/fdnoaxaca.net\/index.php\/wp-json\/wp\/v2\/tags?post=8308"}],"curies":[{"name":"wp","href":"https:\/\/api.w.org\/{rel}","templated":true}]}}