{"id":8312,"date":"2021-08-31T00:00:52","date_gmt":"2021-08-31T00:00:52","guid":{"rendered":"https:\/\/fdnoaxaca.net\/?p=8312"},"modified":"2021-08-31T00:00:55","modified_gmt":"2021-08-31T00:00:55","slug":"en-oaxaca-han-muerto-30-menores-de-edad-por-covid-19","status":"publish","type":"post","link":"https:\/\/fdnoaxaca.net\/index.php\/2021\/08\/31\/en-oaxaca-han-muerto-30-menores-de-edad-por-covid-19\/","title":{"rendered":"En Oaxaca han muerto 30 menores de edad por Covid-19"},"content":{"rendered":"\n<p>Oaxaca de Ju\u00e1rez, Oax. 30 de agosto de 2021.- Por Covid-19, han muerto en Oaxaca 30 menores de edad, y 16 m\u00e1s se encuentran actualmente hospitalizados debido a esta enfermedad.<\/p>\n\n\n\n<p>Al t\u00e9rmino de la inauguraci\u00f3n del nuevo ciclo escolar en Oaxaca, Juan Carlos M\u00e1rquez Heine, titular de los Servicios de Salud, inform\u00f3 que esta epidemia tambi\u00e9n ha causado la muerte de menores de edad.<\/p>\n\n\n\n<p>Detall\u00f3 que en algunos casos, los menores de edad tambi\u00e9n padec\u00edan enfermedades de diabetes y c\u00e1ncer.<\/p>\n\n\n\n<p>Respecto de los 16 menores de edad que se encuentran hospitalizados en Oaxaca, indic\u00f3, hay quienes est\u00e1n con ox\u00edgeno. <\/p>\n\n\n\n<p>&#8220;Hay algunos con ox\u00edgeno, pero se reportan bien, se est\u00e1n monitoreando&#8221;, declar\u00f3. <\/p>\n\n\n\n<p>Asimismo, inform\u00f3 que en Oaxaca fue detectado un caso de Covid-19 de la variante Lambda o Andina, misma que fue registrada por primera vez en diciembre de 2020 en Per\u00fa. <\/p>\n\n\n\n<p>Mientras en M\u00e9xico fue confirmado un caso en Colima el 19 de agosto y recientemente en Oaxaca. <\/p>\n\n\n\n<p>Esta variante es menos contagiosa que la Delta, sin embargo, es considerada por la Organizaci\u00f3n Mundial de la Salud, como una mutaci\u00f3n del virus SARS-CoV-2, de inter\u00e9s. <\/p>\n\n\n\n<p>Por lo cual, el secretario de Salud reiter\u00f3 el llamado a la poblaci\u00f3n a mantener las medidas de prevenci\u00f3n contra el coronavirus. <\/p>\n\n\n\n<p>En Oaxaca, 4 mil 583 personas han fallecido debido a complicaciones en su salud derivado del Covid-19, de acuerdo con el reporte de los Servicios de Salud del estado. <\/p>\n","protected":false},"excerpt":{"rendered":"<p>Oaxaca de Ju\u00e1rez, Oax. 30 de agosto de 2021.- Por Covid-19, han muerto en Oaxaca 30 menores de edad, y 16 m\u00e1s se encuentran actualmente hospitalizados debido a esta enfermedad. Al t\u00e9rmino de la inauguraci\u00f3n del nuevo ciclo escolar en Oaxaca, Juan Carlos M\u00e1rquez Heine, titular de los Servicios de Salud, inform\u00f3 que esta epidemia&#8230;<\/p>\n","protected":false},"author":4,"featured_media":5570,"comment_status":"closed","ping_status":"closed","sticky":false,"template":"","format":"standard","meta":{"footnotes":""},"categories":[49],"tags":[],"class_list":["post-8312","post","type-post","status-publish","format-standard","has-post-thumbnail","hentry","category-titulares"],"_links":{"self":[{"href":"https:\/\/fdnoaxaca.net\/index.php\/wp-json\/wp\/v2\/posts\/8312","targetHints":{"allow":["GET"]}}],"collection":[{"href":"https:\/\/fdnoaxaca.net\/index.php\/wp-json\/wp\/v2\/posts"}],"about":[{"href":"https:\/\/fdnoaxaca.net\/index.php\/wp-json\/wp\/v2\/types\/post"}],"author":[{"embeddable":true,"href":"https:\/\/fdnoaxaca.net\/index.php\/wp-json\/wp\/v2\/users\/4"}],"replies":[{"embeddable":true,"href":"https:\/\/fdnoaxaca.net\/index.php\/wp-json\/wp\/v2\/comments?post=8312"}],"version-history":[{"count":1,"href":"https:\/\/fdnoaxaca.net\/index.php\/wp-json\/wp\/v2\/posts\/8312\/revisions"}],"predecessor-version":[{"id":8313,"href":"https:\/\/fdnoaxaca.net\/index.php\/wp-json\/wp\/v2\/posts\/8312\/revisions\/8313"}],"wp:featuredmedia":[{"embeddable":true,"href":"https:\/\/fdnoaxaca.net\/index.php\/wp-json\/wp\/v2\/media\/5570"}],"wp:attachment":[{"href":"https:\/\/fdnoaxaca.net\/index.php\/wp-json\/wp\/v2\/media?parent=8312"}],"wp:term":[{"taxonomy":"category","embeddable":true,"href":"https:\/\/fdnoaxaca.net\/index.php\/wp-json\/wp\/v2\/categories?post=8312"},{"taxonomy":"post_tag","embeddable":true,"href":"https:\/\/fdnoaxaca.net\/index.php\/wp-json\/wp\/v2\/tags?post=8312"}],"curies":[{"name":"wp","href":"https:\/\/api.w.org\/{rel}","templated":true}]}}