{"id":8316,"date":"2021-08-31T05:58:49","date_gmt":"2021-08-31T05:58:49","guid":{"rendered":"https:\/\/fdnoaxaca.net\/?p=8316"},"modified":"2021-08-31T05:58:52","modified_gmt":"2021-08-31T05:58:52","slug":"agradece-salomon-jara-muestras-de-solidaridad-se-encuentra-en-recuperacion","status":"publish","type":"post","link":"https:\/\/fdnoaxaca.net\/index.php\/2021\/08\/31\/agradece-salomon-jara-muestras-de-solidaridad-se-encuentra-en-recuperacion\/","title":{"rendered":"Agradece Salom\u00f3n Jara muestras de solidaridad, se encuentra en recuperaci\u00f3n"},"content":{"rendered":"\n<p>Oaxaca de Ju\u00e1rez, Oax. 31 de agosto de 2021.- Ante una intervenci\u00f3n quir\u00fargica de emergencia que le fuera realizada al senador Salom\u00f3n Jara Cruz, por algunas complicaciones de salud, este agradeci\u00f3 a todos los que han expresado su apoyo, solidaridad y buenos deseos. <\/p>\n\n\n\n<p>En un mensaje enviado en sus redes sociales, asegur\u00f3 se encuentra en recuperaci\u00f3n y en reposo por recomendaci\u00f3n de sus m\u00e9dicos. <\/p>\n\n\n\n<p>Asimismo, afirm\u00f3 que en unos d\u00edas se reincorporar\u00e1 al trabajo al Senado de la Rep\u00fablica y a sus recorridos por las comunidades de Oaxaca. <\/p>\n\n\n\n<p>El senador por Morena y aspirante a la gubernatura de Oaxaca, fue intervenido de emergencia en el hospital del ISSSTE \u201cLic. Adolfo L\u00f3pez Mateos\u201d, en la Ciudad de M\u00e9xico. <\/p>\n\n\n\n<p>Se hab\u00eda informado que presuntamente Jara Cruz habr\u00eda tenido un infarto cerebral, sin embargo, fue negado; hasta el momento, no se ha detallado la causa por lo cual fue intervenido quir\u00fargicamente. <\/p>\n","protected":false},"excerpt":{"rendered":"<p>Oaxaca de Ju\u00e1rez, Oax. 31 de agosto de 2021.- Ante una intervenci\u00f3n quir\u00fargica de emergencia que le fuera realizada al senador Salom\u00f3n Jara Cruz, por algunas complicaciones de salud, este agradeci\u00f3 a todos los que han expresado su apoyo, solidaridad y buenos deseos. En un mensaje enviado en sus redes sociales, asegur\u00f3 se encuentra en&#8230;<\/p>\n","protected":false},"author":4,"featured_media":8317,"comment_status":"closed","ping_status":"closed","sticky":false,"template":"","format":"standard","meta":{"footnotes":""},"categories":[4],"tags":[],"class_list":["post-8316","post","type-post","status-publish","format-standard","has-post-thumbnail","hentry","category-general"],"_links":{"self":[{"href":"https:\/\/fdnoaxaca.net\/index.php\/wp-json\/wp\/v2\/posts\/8316","targetHints":{"allow":["GET"]}}],"collection":[{"href":"https:\/\/fdnoaxaca.net\/index.php\/wp-json\/wp\/v2\/posts"}],"about":[{"href":"https:\/\/fdnoaxaca.net\/index.php\/wp-json\/wp\/v2\/types\/post"}],"author":[{"embeddable":true,"href":"https:\/\/fdnoaxaca.net\/index.php\/wp-json\/wp\/v2\/users\/4"}],"replies":[{"embeddable":true,"href":"https:\/\/fdnoaxaca.net\/index.php\/wp-json\/wp\/v2\/comments?post=8316"}],"version-history":[{"count":1,"href":"https:\/\/fdnoaxaca.net\/index.php\/wp-json\/wp\/v2\/posts\/8316\/revisions"}],"predecessor-version":[{"id":8318,"href":"https:\/\/fdnoaxaca.net\/index.php\/wp-json\/wp\/v2\/posts\/8316\/revisions\/8318"}],"wp:featuredmedia":[{"embeddable":true,"href":"https:\/\/fdnoaxaca.net\/index.php\/wp-json\/wp\/v2\/media\/8317"}],"wp:attachment":[{"href":"https:\/\/fdnoaxaca.net\/index.php\/wp-json\/wp\/v2\/media?parent=8316"}],"wp:term":[{"taxonomy":"category","embeddable":true,"href":"https:\/\/fdnoaxaca.net\/index.php\/wp-json\/wp\/v2\/categories?post=8316"},{"taxonomy":"post_tag","embeddable":true,"href":"https:\/\/fdnoaxaca.net\/index.php\/wp-json\/wp\/v2\/tags?post=8316"}],"curies":[{"name":"wp","href":"https:\/\/api.w.org\/{rel}","templated":true}]}}