{"id":8327,"date":"2021-08-31T23:58:51","date_gmt":"2021-08-31T23:58:51","guid":{"rendered":"https:\/\/fdnoaxaca.net\/?p=8327"},"modified":"2021-08-31T23:58:54","modified_gmt":"2021-08-31T23:58:54","slug":"interponen-mas-de-30-amparos-para-que-ninos-sean-vacunados-contra-covid-19-en-oaxaca","status":"publish","type":"post","link":"https:\/\/fdnoaxaca.net\/index.php\/2021\/08\/31\/interponen-mas-de-30-amparos-para-que-ninos-sean-vacunados-contra-covid-19-en-oaxaca\/","title":{"rendered":"Interponen m\u00e1s de 30 amparos para que ni\u00f1os sean vacunados contra Covid-19 en Oaxaca"},"content":{"rendered":"\n<p>Oaxaca de Ju\u00e1rez, Oax. 31 de agosto de 2021.- M\u00e1s de 30 amparos han sido promovidos en Oaxaca para exigir la vacunaci\u00f3n contra Covid-19 a menores de edad en el estado. <\/p>\n\n\n\n<p>Nancy Ortiz Cabrera, delegada estatal de programas para el desarrollo en el estado de Oaxaca, inform\u00f3 que hasta el momento las familias han recurrido a la v\u00eda jur\u00eddica para interponer 30 amparos para que los ni\u00f1os en el estado sean vacunados contra el virus del SARS-CoV2. <\/p>\n\n\n\n<p>Sin embargo, indic\u00f3, corresponder\u00e1 a la Secretar\u00eda de Salud la que determine si los menores de edad deber\u00e1n de ser vacunados o no, en lo que respecta a la Secretar\u00eda de Bienestar, esta dependencia gubernamental solo est\u00e1 facultada para la convocatoria de la vacunaci\u00f3n. <\/p>\n\n\n\n<p>&#8220;Tenemos m\u00e1s de 30, son bastante los amparos que han llegado, es un tema que no nos corresponde a nosotros como Bienestar porque nosotros solamente es el tema de la convocatoria, la log\u00edstica, y en temas t\u00e9cnicos que si se vacunan o no los ni\u00f1os menores de 18 a\u00f1os, eso lo va a determinar Salud&#8221;, explic\u00f3. <\/p>\n\n\n\n<p>En Oaxaca, hasta el momento ha sido vacunada el 52% de la poblaci\u00f3n de 18 a\u00f1os en adelante, de acuerdo con la delegada. <\/p>\n\n\n\n<p>Es decir, son m\u00e1s de dos millones de vacunas aplicadas en Oaxaca de cuatro farmac\u00e9uticas, de los cuales, en mil 68 personas hubo efectos secundarios. <\/p>\n\n\n\n<p>La funcionaria inform\u00f3 que continuar\u00e1 en Oaxaca la jornada de vacunaci\u00f3n. <\/p>\n\n\n\n<p>En el estado, hasta el corte del 30 de agosto, se han acumulado 66 mil 988 casos de Covid-19, de los cuales, 60 mil 420 personas se han recuperado y 4 mil 603 han muerto, entre los pacientes fallecidos se encuentran 30 menores de edad. <\/p>\n","protected":false},"excerpt":{"rendered":"<p>Oaxaca de Ju\u00e1rez, Oax. 31 de agosto de 2021.- M\u00e1s de 30 amparos han sido promovidos en Oaxaca para exigir la vacunaci\u00f3n contra Covid-19 a menores de edad en el estado. Nancy Ortiz Cabrera, delegada estatal de programas para el desarrollo en el estado de Oaxaca, inform\u00f3 que hasta el momento las familias han recurrido&#8230;<\/p>\n","protected":false},"author":4,"featured_media":8310,"comment_status":"closed","ping_status":"closed","sticky":false,"template":"","format":"standard","meta":{"footnotes":""},"categories":[49],"tags":[],"class_list":["post-8327","post","type-post","status-publish","format-standard","has-post-thumbnail","hentry","category-titulares"],"_links":{"self":[{"href":"https:\/\/fdnoaxaca.net\/index.php\/wp-json\/wp\/v2\/posts\/8327","targetHints":{"allow":["GET"]}}],"collection":[{"href":"https:\/\/fdnoaxaca.net\/index.php\/wp-json\/wp\/v2\/posts"}],"about":[{"href":"https:\/\/fdnoaxaca.net\/index.php\/wp-json\/wp\/v2\/types\/post"}],"author":[{"embeddable":true,"href":"https:\/\/fdnoaxaca.net\/index.php\/wp-json\/wp\/v2\/users\/4"}],"replies":[{"embeddable":true,"href":"https:\/\/fdnoaxaca.net\/index.php\/wp-json\/wp\/v2\/comments?post=8327"}],"version-history":[{"count":1,"href":"https:\/\/fdnoaxaca.net\/index.php\/wp-json\/wp\/v2\/posts\/8327\/revisions"}],"predecessor-version":[{"id":8328,"href":"https:\/\/fdnoaxaca.net\/index.php\/wp-json\/wp\/v2\/posts\/8327\/revisions\/8328"}],"wp:featuredmedia":[{"embeddable":true,"href":"https:\/\/fdnoaxaca.net\/index.php\/wp-json\/wp\/v2\/media\/8310"}],"wp:attachment":[{"href":"https:\/\/fdnoaxaca.net\/index.php\/wp-json\/wp\/v2\/media?parent=8327"}],"wp:term":[{"taxonomy":"category","embeddable":true,"href":"https:\/\/fdnoaxaca.net\/index.php\/wp-json\/wp\/v2\/categories?post=8327"},{"taxonomy":"post_tag","embeddable":true,"href":"https:\/\/fdnoaxaca.net\/index.php\/wp-json\/wp\/v2\/tags?post=8327"}],"curies":[{"name":"wp","href":"https:\/\/api.w.org\/{rel}","templated":true}]}}