{"id":8348,"date":"2021-09-02T23:58:46","date_gmt":"2021-09-02T23:58:46","guid":{"rendered":"https:\/\/fdnoaxaca.net\/?p=8348"},"modified":"2021-09-02T23:58:50","modified_gmt":"2021-09-02T23:58:50","slug":"registra-oaxaca-nueve-casos-de-lepra-en-los-ultimos-dos-anos","status":"publish","type":"post","link":"https:\/\/fdnoaxaca.net\/index.php\/2021\/09\/02\/registra-oaxaca-nueve-casos-de-lepra-en-los-ultimos-dos-anos\/","title":{"rendered":"Registra Oaxaca nueve casos de lepra en los \u00faltimos dos a\u00f1os"},"content":{"rendered":"\n<p>Villa de Tututepec de Melchor Ocampo, Oax., 02 de septiembre de 2021.-Durante los \u00faltimos 15 a\u00f1os, Oaxaca ha cumplido con los objetivos establecidos por la Organizaci\u00f3n Panamericana de la Salud (OPS), de mantener la tasa de prevalencia de la lepra menor a uno por cada 10 mil habitantes, informaron los Servicios de Salud del estado. <\/p>\n\n\n\n<p>Y aunque la incidencia es menor, en Oaxaca s\u00ed se han registrado casos de lepra, de acuerdo con la dependencia, en el 2020 fueron diagnosticadas seis personas, mientras que en lo que va de 2021, son tres los casos detectados.<\/p>\n\n\n\n<p>Recientemente empez\u00f3 la Jornada Dermatol\u00f3gica de b\u00fasqueda intencionada de casos de lepra en la regi\u00f3n de la Costa, del 31 de agosto al 3 de septiembre.<\/p>\n\n\n\n<p>Seg\u00fan la dependencia, en Oaxaca la lepra ha dejado de constituir un problema de salud p\u00fablica y son varios los factores que explican este descenso, como por ejemplo, un mejor diagn\u00f3stico y tratamiento farmacol\u00f3gico m\u00e1s efectivo.<\/p>\n\n\n\n<p>Explic\u00f3 que la lepra, es una enfermedad infecciosa cr\u00f3nica transmitida por el Mycobacterium leprae, que se caracteriza principalmente por causar lesiones en la piel y en los nervios perif\u00e9ricos, \u201ccuando nosotros sospechamos que una persona la tiene, es por la presencia de manchas blancas en la dermis, que muchas veces est\u00e1n resecas, y cuando esto evoluciona se pueden tener alteraciones en la sensibilidad, es decir, los pacientes no sienten el calor\u201d, indic\u00f3.<\/p>\n\n\n\n<p>El profesional de la medicina mencion\u00f3, adem\u00e1s, que otros signos de alerta, son la presencia de n\u00f3dulos en la piel o \u00falceras, sobre todo, en personas que viven, en zonas geogr\u00e1ficas donde anteriormente se han detectado casos.<\/p>\n\n\n\n<p>La enfermedad es de transmisi\u00f3n lenta, de nueve hasta 20 a\u00f1os, mientras que, el per\u00edodo de incubaci\u00f3n es de un promedio de cinco a\u00f1os y se contagia de persona a persona, principalmente, cuando se convive de cerca con quien ya tiene esta patolog\u00eda, como es el caso de familiares.<\/p>\n","protected":false},"excerpt":{"rendered":"<p>Villa de Tututepec de Melchor Ocampo, Oax., 02 de septiembre de 2021.-Durante los \u00faltimos 15 a\u00f1os, Oaxaca ha cumplido con los objetivos establecidos por la Organizaci\u00f3n Panamericana de la Salud (OPS), de mantener la tasa de prevalencia de la lepra menor a uno por cada 10 mil habitantes, informaron los Servicios de Salud del estado&#8230;.<\/p>\n","protected":false},"author":4,"featured_media":8349,"comment_status":"closed","ping_status":"closed","sticky":false,"template":"","format":"standard","meta":{"footnotes":""},"categories":[49],"tags":[],"class_list":["post-8348","post","type-post","status-publish","format-standard","has-post-thumbnail","hentry","category-titulares"],"_links":{"self":[{"href":"https:\/\/fdnoaxaca.net\/index.php\/wp-json\/wp\/v2\/posts\/8348","targetHints":{"allow":["GET"]}}],"collection":[{"href":"https:\/\/fdnoaxaca.net\/index.php\/wp-json\/wp\/v2\/posts"}],"about":[{"href":"https:\/\/fdnoaxaca.net\/index.php\/wp-json\/wp\/v2\/types\/post"}],"author":[{"embeddable":true,"href":"https:\/\/fdnoaxaca.net\/index.php\/wp-json\/wp\/v2\/users\/4"}],"replies":[{"embeddable":true,"href":"https:\/\/fdnoaxaca.net\/index.php\/wp-json\/wp\/v2\/comments?post=8348"}],"version-history":[{"count":1,"href":"https:\/\/fdnoaxaca.net\/index.php\/wp-json\/wp\/v2\/posts\/8348\/revisions"}],"predecessor-version":[{"id":8350,"href":"https:\/\/fdnoaxaca.net\/index.php\/wp-json\/wp\/v2\/posts\/8348\/revisions\/8350"}],"wp:featuredmedia":[{"embeddable":true,"href":"https:\/\/fdnoaxaca.net\/index.php\/wp-json\/wp\/v2\/media\/8349"}],"wp:attachment":[{"href":"https:\/\/fdnoaxaca.net\/index.php\/wp-json\/wp\/v2\/media?parent=8348"}],"wp:term":[{"taxonomy":"category","embeddable":true,"href":"https:\/\/fdnoaxaca.net\/index.php\/wp-json\/wp\/v2\/categories?post=8348"},{"taxonomy":"post_tag","embeddable":true,"href":"https:\/\/fdnoaxaca.net\/index.php\/wp-json\/wp\/v2\/tags?post=8348"}],"curies":[{"name":"wp","href":"https:\/\/api.w.org\/{rel}","templated":true}]}}