{"id":8351,"date":"2021-09-03T05:55:08","date_gmt":"2021-09-03T05:55:08","guid":{"rendered":"https:\/\/fdnoaxaca.net\/?p=8351"},"modified":"2021-09-03T05:55:11","modified_gmt":"2021-09-03T05:55:11","slug":"investiga-fiscalia-de-la-republica-a-seis-magistrados-de-oaxaca","status":"publish","type":"post","link":"https:\/\/fdnoaxaca.net\/index.php\/2021\/09\/03\/investiga-fiscalia-de-la-republica-a-seis-magistrados-de-oaxaca\/","title":{"rendered":"Investiga Fiscal\u00eda de la Rep\u00fablica a seis magistrados de Oaxaca"},"content":{"rendered":"\n<p>Oaxaca de Ju\u00e1rez, Oax. 3 de septiembre de 2021.- La Fiscal\u00eda General de la Rep\u00fablica (FGR) investiga a seis magistrados del Poder Judicial de Oaxaca.<\/p>\n\n\n\n<p>La delegaci\u00f3n de la FGR en Oaxaca confirm\u00f3 que existe una indagatoria en contra de los funcionarios p\u00fablicos, en el documento DEO\/4368\/2021, dirigido a la diputada priista Lilia Mendoza Cruz, integrante de la Comisi\u00f3n Permanente de Administraci\u00f3n y Procuraci\u00f3n de Justicia, del Congreso local, quien hab\u00eda solicitado informaci\u00f3n al respecto a la instituci\u00f3n federal. <\/p>\n\n\n\n<p>&#8220;Me permito informar que en fecha 18 de agosto de 2021, en la C\u00e9lula 3, Equipo de Investigaci\u00f3n y Litigaci\u00f3n 1 en Oaxaca, se inici\u00f3 la Carpeta de Investigaci\u00f3n FED\/OAX\/OAX\/0001351\/2021, misma que actualmente se encuentra en tr\u00e1mite\u201d, refiere en el oficio con fecha 31 de agosto de 2021, firmado por Jaime Porfirio Garc\u00eda Belio.<\/p>\n\n\n\n<p>Los magistrados investigados son Ana Mireya Santos L\u00f3pez, Luis Enrique Cordero Aguilar, Camerino Patricio Dolores Sierra, Ren\u00e9 Hern\u00e1ndez Reyes, Narciso Abel Alvarado V\u00e1squez y Tito Ram\u00edrez Gonz\u00e1lez. <\/p>\n\n\n\n<p>Aunque la Fiscal\u00eda de la Rep\u00fablica confirm\u00f3 la existencia de la investigaci\u00f3n, no revel\u00f3 de que se les acusa a los funcionarios p\u00fablicos del Poder Judicial de Oaxaca. <\/p>\n\n\n\n<p>De los seis magistrados, el per\u00edodo de su cargo ya feneci\u00f3, pero presuntamente se niegan a dejar el puesto. <\/p>\n","protected":false},"excerpt":{"rendered":"<p>Oaxaca de Ju\u00e1rez, Oax. 3 de septiembre de 2021.- La Fiscal\u00eda General de la Rep\u00fablica (FGR) investiga a seis magistrados del Poder Judicial de Oaxaca. La delegaci\u00f3n de la FGR en Oaxaca confirm\u00f3 que existe una indagatoria en contra de los funcionarios p\u00fablicos, en el documento DEO\/4368\/2021, dirigido a la diputada priista Lilia Mendoza Cruz,&#8230;<\/p>\n","protected":false},"author":4,"featured_media":8352,"comment_status":"closed","ping_status":"closed","sticky":false,"template":"","format":"standard","meta":{"footnotes":""},"categories":[49],"tags":[],"class_list":["post-8351","post","type-post","status-publish","format-standard","has-post-thumbnail","hentry","category-titulares"],"_links":{"self":[{"href":"https:\/\/fdnoaxaca.net\/index.php\/wp-json\/wp\/v2\/posts\/8351","targetHints":{"allow":["GET"]}}],"collection":[{"href":"https:\/\/fdnoaxaca.net\/index.php\/wp-json\/wp\/v2\/posts"}],"about":[{"href":"https:\/\/fdnoaxaca.net\/index.php\/wp-json\/wp\/v2\/types\/post"}],"author":[{"embeddable":true,"href":"https:\/\/fdnoaxaca.net\/index.php\/wp-json\/wp\/v2\/users\/4"}],"replies":[{"embeddable":true,"href":"https:\/\/fdnoaxaca.net\/index.php\/wp-json\/wp\/v2\/comments?post=8351"}],"version-history":[{"count":1,"href":"https:\/\/fdnoaxaca.net\/index.php\/wp-json\/wp\/v2\/posts\/8351\/revisions"}],"predecessor-version":[{"id":8353,"href":"https:\/\/fdnoaxaca.net\/index.php\/wp-json\/wp\/v2\/posts\/8351\/revisions\/8353"}],"wp:featuredmedia":[{"embeddable":true,"href":"https:\/\/fdnoaxaca.net\/index.php\/wp-json\/wp\/v2\/media\/8352"}],"wp:attachment":[{"href":"https:\/\/fdnoaxaca.net\/index.php\/wp-json\/wp\/v2\/media?parent=8351"}],"wp:term":[{"taxonomy":"category","embeddable":true,"href":"https:\/\/fdnoaxaca.net\/index.php\/wp-json\/wp\/v2\/categories?post=8351"},{"taxonomy":"post_tag","embeddable":true,"href":"https:\/\/fdnoaxaca.net\/index.php\/wp-json\/wp\/v2\/tags?post=8351"}],"curies":[{"name":"wp","href":"https:\/\/api.w.org\/{rel}","templated":true}]}}