{"id":8354,"date":"2021-09-03T19:29:45","date_gmt":"2021-09-03T19:29:45","guid":{"rendered":"https:\/\/fdnoaxaca.net\/?p=8354"},"modified":"2021-09-03T19:29:49","modified_gmt":"2021-09-03T19:29:49","slug":"hasta-cinco-anos-de-prision-para-quien-desacate-ordenes-de-proteccion-para-mujeres-en-oaxaca","status":"publish","type":"post","link":"https:\/\/fdnoaxaca.net\/index.php\/2021\/09\/03\/hasta-cinco-anos-de-prision-para-quien-desacate-ordenes-de-proteccion-para-mujeres-en-oaxaca\/","title":{"rendered":"Hasta cinco a\u00f1os de prisi\u00f3n para quien desacate \u00f3rdenes de protecci\u00f3n para mujeres en Oaxaca"},"content":{"rendered":"\n<p>San Raymundo Jalpan, Oax. 03 de septiembre de 2021.- El Congreso de Oaxaca decret\u00f3 castigar con c\u00e1rcel, a la persona que incumpla o desacate medidas u \u00f3rdenes de protecci\u00f3n otorgadas a mujeres v\u00edctimas de violencia<\/p>\n\n\n\n<p>Mediante una adici\u00f3n al art\u00edculo 178 del C\u00f3digo Penal para el estado, la 64 Legislatura estableci\u00f3 que adem\u00e1s de lo previsto en la ley, se impondr\u00e1 una pena de dos a cinco a\u00f1os de prisi\u00f3n al que desobedezca, no acate, incumpla o infrinja una orden o medida de protecci\u00f3n decretada por alguna autoridad.<\/p>\n\n\n\n<p>Adem\u00e1s de la pena privativa de la libertad, se interpondr\u00e1 una multa desde los 4 mil 481 pesos hasta los 8 mil 962 pesos.<\/p>\n\n\n\n<p>Las \u00f3rdenes de protecci\u00f3n van desde la desocupaci\u00f3n del domicilio conyugal por el agresor, el impedimento de acercarse a la residencia, la prohibici\u00f3n de intimidar a la v\u00edctima, la retenci\u00f3n de armas al agresor, hasta el embargo preventivo de sus bienes y la suspensi\u00f3n temporal de visitas y convivencias.<\/p>\n\n\n\n<p>Con esta nueva redacci\u00f3n, el Congreso de Oaxaca busca salvaguardar la integridad y seguridad de las mujeres y ni\u00f1as que vivan en situaciones de violencia en la entidad, y que hayan solicitado \u00f3rdenes u otros mecanismos de ayuda.<\/p>\n\n\n\n<p>La iniciativa fue presentada por la diputada Elisa Zepeda Lagunas, integrante del Grupo Parlamentario de Morena, dictaminada por las Comisiones Permanentes Unidas de Administraci\u00f3n y Procuraci\u00f3n de Justicia y de Igualdad de G\u00e9nero y avalada por el Pleno Legislativo.<\/p>\n","protected":false},"excerpt":{"rendered":"<p>San Raymundo Jalpan, Oax. 03 de septiembre de 2021.- El Congreso de Oaxaca decret\u00f3 castigar con c\u00e1rcel, a la persona que incumpla o desacate medidas u \u00f3rdenes de protecci\u00f3n otorgadas a mujeres v\u00edctimas de violencia Mediante una adici\u00f3n al art\u00edculo 178 del C\u00f3digo Penal para el estado, la 64 Legislatura estableci\u00f3 que adem\u00e1s de lo&#8230;<\/p>\n","protected":false},"author":4,"featured_media":8355,"comment_status":"closed","ping_status":"closed","sticky":false,"template":"","format":"standard","meta":{"footnotes":""},"categories":[49],"tags":[],"class_list":["post-8354","post","type-post","status-publish","format-standard","has-post-thumbnail","hentry","category-titulares"],"_links":{"self":[{"href":"https:\/\/fdnoaxaca.net\/index.php\/wp-json\/wp\/v2\/posts\/8354","targetHints":{"allow":["GET"]}}],"collection":[{"href":"https:\/\/fdnoaxaca.net\/index.php\/wp-json\/wp\/v2\/posts"}],"about":[{"href":"https:\/\/fdnoaxaca.net\/index.php\/wp-json\/wp\/v2\/types\/post"}],"author":[{"embeddable":true,"href":"https:\/\/fdnoaxaca.net\/index.php\/wp-json\/wp\/v2\/users\/4"}],"replies":[{"embeddable":true,"href":"https:\/\/fdnoaxaca.net\/index.php\/wp-json\/wp\/v2\/comments?post=8354"}],"version-history":[{"count":1,"href":"https:\/\/fdnoaxaca.net\/index.php\/wp-json\/wp\/v2\/posts\/8354\/revisions"}],"predecessor-version":[{"id":8356,"href":"https:\/\/fdnoaxaca.net\/index.php\/wp-json\/wp\/v2\/posts\/8354\/revisions\/8356"}],"wp:featuredmedia":[{"embeddable":true,"href":"https:\/\/fdnoaxaca.net\/index.php\/wp-json\/wp\/v2\/media\/8355"}],"wp:attachment":[{"href":"https:\/\/fdnoaxaca.net\/index.php\/wp-json\/wp\/v2\/media?parent=8354"}],"wp:term":[{"taxonomy":"category","embeddable":true,"href":"https:\/\/fdnoaxaca.net\/index.php\/wp-json\/wp\/v2\/categories?post=8354"},{"taxonomy":"post_tag","embeddable":true,"href":"https:\/\/fdnoaxaca.net\/index.php\/wp-json\/wp\/v2\/tags?post=8354"}],"curies":[{"name":"wp","href":"https:\/\/api.w.org\/{rel}","templated":true}]}}