{"id":8360,"date":"2021-09-03T22:09:20","date_gmt":"2021-09-03T22:09:20","guid":{"rendered":"https:\/\/fdnoaxaca.net\/?p=8360"},"modified":"2021-09-03T22:09:23","modified_gmt":"2021-09-03T22:09:23","slug":"vuelca-camioneta-de-la-guardia-nacional-en-oaxaca-hay-un-elemento-fallecido","status":"publish","type":"post","link":"https:\/\/fdnoaxaca.net\/index.php\/2021\/09\/03\/vuelca-camioneta-de-la-guardia-nacional-en-oaxaca-hay-un-elemento-fallecido\/","title":{"rendered":"Vuelca camioneta de la Guardia Nacional en Oaxaca; hay un elemento fallecido"},"content":{"rendered":"\n<p>Oaxaca de Ju\u00e1rez, Oax. 3 de septiembre de 2021.- Una camioneta de la Guardia Nacional volc\u00f3 este viernes en Oaxaca, lo que ocasion\u00f3 la muerte de un suboficial y otro elemento m\u00e1s result\u00f3 lesionado. <\/p>\n\n\n\n<p>El accidente ocurri\u00f3 a un costado de la carretera federal 175, kil\u00f3metro 87, a la altura del paraje \u201cPalo Grande\u201d, en Miahuatl\u00e1n de Porfirio D\u00edaz, en la regi\u00f3n de la Sierra Sur. <\/p>\n\n\n\n<p>En ese lugar volc\u00f3 la camioneta de la Guardia Nacional, marca Ford, tipo F150, color blanco, placas 15284 y n\u00famero econ\u00f3mico 15284.<\/p>\n\n\n\n<figure class=\"wp-block-image\"><img loading=\"lazy\" decoding=\"async\" width=\"720\" height=\"535\" src=\"https:\/\/fdnoaxaca.net\/wp-content\/uploads\/2021\/09\/IMG-20210903-WA0083.jpg\" alt=\"\" class=\"wp-image-8362\" srcset=\"https:\/\/fdnoaxaca.net\/wp-content\/uploads\/2021\/09\/IMG-20210903-WA0083.jpg 720w, https:\/\/fdnoaxaca.net\/wp-content\/uploads\/2021\/09\/IMG-20210903-WA0083-300x223.jpg 300w\" sizes=\"auto, (max-width: 720px) 100vw, 720px\" \/><\/figure>\n\n\n\n<p>El reporte indica que en el lugar falleci\u00f3 el suboficial Yovani Alexander M. L. En tanto, el subagente de la Polic\u00eda Procesal de nombre Williams O. V., result\u00f3 lesionado y fue auxiliado por socorristas de la Cruz Roja, Miahuatl\u00e1n. <\/p>\n\n\n\n<p>La emergencia fue atendida por elementos de la Cruz Roja y de corporaciones policiales.<\/p>\n","protected":false},"excerpt":{"rendered":"<p>Oaxaca de Ju\u00e1rez, Oax. 3 de septiembre de 2021.- Una camioneta de la Guardia Nacional volc\u00f3 este viernes en Oaxaca, lo que ocasion\u00f3 la muerte de un suboficial y otro elemento m\u00e1s result\u00f3 lesionado. El accidente ocurri\u00f3 a un costado de la carretera federal 175, kil\u00f3metro 87, a la altura del paraje \u201cPalo Grande\u201d, en&#8230;<\/p>\n","protected":false},"author":4,"featured_media":8361,"comment_status":"closed","ping_status":"closed","sticky":false,"template":"","format":"standard","meta":{"footnotes":""},"categories":[4],"tags":[],"class_list":["post-8360","post","type-post","status-publish","format-standard","has-post-thumbnail","hentry","category-general"],"_links":{"self":[{"href":"https:\/\/fdnoaxaca.net\/index.php\/wp-json\/wp\/v2\/posts\/8360","targetHints":{"allow":["GET"]}}],"collection":[{"href":"https:\/\/fdnoaxaca.net\/index.php\/wp-json\/wp\/v2\/posts"}],"about":[{"href":"https:\/\/fdnoaxaca.net\/index.php\/wp-json\/wp\/v2\/types\/post"}],"author":[{"embeddable":true,"href":"https:\/\/fdnoaxaca.net\/index.php\/wp-json\/wp\/v2\/users\/4"}],"replies":[{"embeddable":true,"href":"https:\/\/fdnoaxaca.net\/index.php\/wp-json\/wp\/v2\/comments?post=8360"}],"version-history":[{"count":1,"href":"https:\/\/fdnoaxaca.net\/index.php\/wp-json\/wp\/v2\/posts\/8360\/revisions"}],"predecessor-version":[{"id":8363,"href":"https:\/\/fdnoaxaca.net\/index.php\/wp-json\/wp\/v2\/posts\/8360\/revisions\/8363"}],"wp:featuredmedia":[{"embeddable":true,"href":"https:\/\/fdnoaxaca.net\/index.php\/wp-json\/wp\/v2\/media\/8361"}],"wp:attachment":[{"href":"https:\/\/fdnoaxaca.net\/index.php\/wp-json\/wp\/v2\/media?parent=8360"}],"wp:term":[{"taxonomy":"category","embeddable":true,"href":"https:\/\/fdnoaxaca.net\/index.php\/wp-json\/wp\/v2\/categories?post=8360"},{"taxonomy":"post_tag","embeddable":true,"href":"https:\/\/fdnoaxaca.net\/index.php\/wp-json\/wp\/v2\/tags?post=8360"}],"curies":[{"name":"wp","href":"https:\/\/api.w.org\/{rel}","templated":true}]}}