{"id":8387,"date":"2021-09-07T06:24:01","date_gmt":"2021-09-07T06:24:01","guid":{"rendered":"https:\/\/fdnoaxaca.net\/?p=8387"},"modified":"2021-09-07T06:24:04","modified_gmt":"2021-09-07T06:24:04","slug":"ocasionan-lluvias-inundaciones-en-oaxaca","status":"publish","type":"post","link":"https:\/\/fdnoaxaca.net\/index.php\/2021\/09\/07\/ocasionan-lluvias-inundaciones-en-oaxaca\/","title":{"rendered":"Ocasionan lluvias inundaciones en Oaxaca"},"content":{"rendered":"\n<p>Oaxaca de Ju\u00e1rez, Oax., 7 de septiembre de 2021.- Derivado de la onda tropical n\u00famero 27, la Coordinaci\u00f3n Estatal de Protecci\u00f3n Civil de Oaxaca (CEPCO) mantiene un monitoreo constante por las fuertes lluvias ocurridas el lunes en la regi\u00f3n de los Valles Centrales.<\/p>\n\n\n\n<p>De acuerdo con reportes preliminares, estas precipitaciones pluviales est\u00e1n acompa\u00f1adas con actividad el\u00e9ctrica, adem\u00e1s han originado escurrimientos hacia las partes bajas principalmente de la ciudad de Oaxaca y municipios conurbados, provocando encharcamientos severos en la zona norte, centro y sur.<\/p>\n\n\n\n<figure class=\"wp-block-image\"><img loading=\"lazy\" decoding=\"async\" width=\"1024\" height=\"558\" src=\"https:\/\/fdnoaxaca.net\/wp-content\/uploads\/2021\/09\/PicsArt_09-07-02.39.06-1024x558.jpg\" alt=\"\" class=\"wp-image-8388\" srcset=\"https:\/\/fdnoaxaca.net\/wp-content\/uploads\/2021\/09\/PicsArt_09-07-02.39.06-1024x558.jpg 1024w, https:\/\/fdnoaxaca.net\/wp-content\/uploads\/2021\/09\/PicsArt_09-07-02.39.06-300x163.jpg 300w, https:\/\/fdnoaxaca.net\/wp-content\/uploads\/2021\/09\/PicsArt_09-07-02.39.06-768x418.jpg 768w, https:\/\/fdnoaxaca.net\/wp-content\/uploads\/2021\/09\/PicsArt_09-07-02.39.06.jpg 1280w\" sizes=\"auto, (max-width: 1024px) 100vw, 1024px\" \/><\/figure>\n\n\n\n<p>Esta anegaci\u00f3n de agua se report\u00f3 principalmente en Pueblo Nuevo, Perif\u00e9rico, zona norte de la ciudad de Oaxaca, Santa Rosa, Santiago Suchilquitongo, colonia Azteca, Santa Luc\u00eda del Camino, colonias en las partes bajas del Cerro del Fort\u00edn, Ejido Guadalupe Victoria y Central de Abasto.<\/p>\n\n\n\n<p>Asimismo, la CEPCO se encuentra monitoreando los r\u00edos y arroyos de respuesta r\u00e1pida como Chiquito, San Felipe, Salado y Atoyac, los cuales han presentado aumento en sus niveles.<\/p>\n\n\n\n<p>Tambi\u00e9n recomend\u00f3 a la ciudadan\u00eda no cruzar zonas inundadas o r\u00edos crecidos y evitar salir de sus hogares si no es necesario.<\/p>\n\n\n\n<figure class=\"wp-block-image\"><img loading=\"lazy\" decoding=\"async\" width=\"1024\" height=\"582\" src=\"https:\/\/fdnoaxaca.net\/wp-content\/uploads\/2021\/09\/MONITOREO-CEPCO-LLUVIAS-2-1024x582.jpeg\" alt=\"\" class=\"wp-image-8389\" srcset=\"https:\/\/fdnoaxaca.net\/wp-content\/uploads\/2021\/09\/MONITOREO-CEPCO-LLUVIAS-2-1024x582.jpeg 1024w, https:\/\/fdnoaxaca.net\/wp-content\/uploads\/2021\/09\/MONITOREO-CEPCO-LLUVIAS-2-300x170.jpeg 300w, https:\/\/fdnoaxaca.net\/wp-content\/uploads\/2021\/09\/MONITOREO-CEPCO-LLUVIAS-2-768x436.jpeg 768w, https:\/\/fdnoaxaca.net\/wp-content\/uploads\/2021\/09\/MONITOREO-CEPCO-LLUVIAS-2.jpeg 1280w\" sizes=\"auto, (max-width: 1024px) 100vw, 1024px\" \/><\/figure>\n","protected":false},"excerpt":{"rendered":"<p>Oaxaca de Ju\u00e1rez, Oax., 7 de septiembre de 2021.- Derivado de la onda tropical n\u00famero 27, la Coordinaci\u00f3n Estatal de Protecci\u00f3n Civil de Oaxaca (CEPCO) mantiene un monitoreo constante por las fuertes lluvias ocurridas el lunes en la regi\u00f3n de los Valles Centrales. De acuerdo con reportes preliminares, estas precipitaciones pluviales est\u00e1n acompa\u00f1adas con actividad&#8230;<\/p>\n","protected":false},"author":4,"featured_media":8390,"comment_status":"closed","ping_status":"closed","sticky":false,"template":"","format":"standard","meta":{"footnotes":""},"categories":[49],"tags":[],"class_list":["post-8387","post","type-post","status-publish","format-standard","has-post-thumbnail","hentry","category-titulares"],"_links":{"self":[{"href":"https:\/\/fdnoaxaca.net\/index.php\/wp-json\/wp\/v2\/posts\/8387","targetHints":{"allow":["GET"]}}],"collection":[{"href":"https:\/\/fdnoaxaca.net\/index.php\/wp-json\/wp\/v2\/posts"}],"about":[{"href":"https:\/\/fdnoaxaca.net\/index.php\/wp-json\/wp\/v2\/types\/post"}],"author":[{"embeddable":true,"href":"https:\/\/fdnoaxaca.net\/index.php\/wp-json\/wp\/v2\/users\/4"}],"replies":[{"embeddable":true,"href":"https:\/\/fdnoaxaca.net\/index.php\/wp-json\/wp\/v2\/comments?post=8387"}],"version-history":[{"count":1,"href":"https:\/\/fdnoaxaca.net\/index.php\/wp-json\/wp\/v2\/posts\/8387\/revisions"}],"predecessor-version":[{"id":8391,"href":"https:\/\/fdnoaxaca.net\/index.php\/wp-json\/wp\/v2\/posts\/8387\/revisions\/8391"}],"wp:featuredmedia":[{"embeddable":true,"href":"https:\/\/fdnoaxaca.net\/index.php\/wp-json\/wp\/v2\/media\/8390"}],"wp:attachment":[{"href":"https:\/\/fdnoaxaca.net\/index.php\/wp-json\/wp\/v2\/media?parent=8387"}],"wp:term":[{"taxonomy":"category","embeddable":true,"href":"https:\/\/fdnoaxaca.net\/index.php\/wp-json\/wp\/v2\/categories?post=8387"},{"taxonomy":"post_tag","embeddable":true,"href":"https:\/\/fdnoaxaca.net\/index.php\/wp-json\/wp\/v2\/tags?post=8387"}],"curies":[{"name":"wp","href":"https:\/\/api.w.org\/{rel}","templated":true}]}}